{"id":137,"date":"2020-03-11T11:00:03","date_gmt":"2020-03-11T10:00:03","guid":{"rendered":"http:\/\/agora.xtec.cat\/cfa-santadriadebesos\/?p=137"},"modified":"2020-03-12T11:03:10","modified_gmt":"2020-03-12T10:03:10","slug":"noticiacovid-19","status":"publish","type":"post","link":"https:\/\/agora.xtec.cat\/cfa-santadriadebesos\/general\/noticiacovid-19\/","title":{"rendered":"Noticies sobre el Coronavirus COVID-19"},"content":{"rendered":"<table style=\"height: 138px; width: 472px; background-color: #f2bfbf;\">\n<tbody>\n<tr style=\"height: 138px;\">\n<td style=\"width: 92px; height: 138px;\"><img loading=\"lazy\" decoding=\"async\" class=\"aligncenter size-full wp-image-705\" src=\"https:\/\/agora.xtec.cat\/cfa-santadriadebesos\/wp-content\/uploads\/usu1359\/2014\/09\/covid19.png\" alt=\"\" width=\"256\" height=\"256\" srcset=\"https:\/\/agora.xtec.cat\/cfa-santadriadebesos\/wp-content\/uploads\/usu1359\/2014\/09\/covid19.png 256w, https:\/\/agora.xtec.cat\/cfa-santadriadebesos\/wp-content\/uploads\/usu1359\/2014\/09\/covid19-150x150.png 150w\" sizes=\"auto, (max-width: 256px) 100vw, 256px\" \/><\/td>\n<td style=\"width: 372px; height: 138px; vertical-align: middle;\">\n<h2>FASE D&#8217;ALERTA per l&#8217;epid\u00e8mia del coronavirus COVID-19<\/h2>\n<p style=\"text-align: left;\"><strong>Podeu informar-vos de les noves mesures que s&#8217;anirant prenent segons dicti el <em>Pla d&#8217;Emerg\u00e8ncia de la Generalitat de Catalunya<\/em><\/strong><\/p>\n<p style=\"text-align: left;\"><strong>en els seg\u00fcents enlla\u00e7os:<\/strong><\/p>\n<ul>\n<li>Canal Salut:\u00a0<a href=\"http:\/\/canalsalut.gencat.cat\/ca\/salut-a-z\/c\/coronavirus-2019-ncov\/\" target=\"_blank\" rel=\"noopener noreferrer\">http:\/\/canalsalut.gencat.cat\/ca\/salut-a-z\/c\/coronavirus-2019-ncov\/<\/a><\/li>\n<li>Departament d&#8217;Educaci\u00f3:\u00a0<a href=\"http:\/\/ensenyament.gencat.cat\/ca\/inici\/\" target=\"_blank\" rel=\"noopener noreferrer\">http:\/\/ensenyament.gencat.cat\/ca\/inici\/<\/a><\/li>\n<li>Departament de Salut:\u00a0<a href=\"http:\/\/salutweb.gencat.cat\/ca\/inici\/\" target=\"_blank\" rel=\"noopener noreferrer\">http:\/\/salutweb.gencat.cat\/ca\/inici\/<\/a><\/li>\n<\/ul>\n<\/td>\n<\/tr>\n<\/tbody>\n<\/table>\n","protected":false},"excerpt":{"rendered":"<p>FASE D&#8217;ALERTA per l&#8217;epid\u00e8mia del coronavirus COVID-19 Podeu informar-vos de les noves mesures que s&#8217;anirant prenent segons dicti el Pla d&#8217;Emerg\u00e8ncia de la Generalitat de Catalunya en els seg\u00fcents enlla\u00e7os: Canal Salut:\u00a0http:\/\/canalsalut.gencat.cat\/ca\/salut-a-z\/c\/coronavirus-2019-ncov\/ Departament d&#8217;Educaci\u00f3:\u00a0http:\/\/ensenyament.gencat.cat\/ca\/inici\/ Departament de Salut:\u00a0http:\/\/salutweb.gencat.cat\/ca\/inici\/<\/p>\n","protected":false},"author":1,"featured_media":0,"comment_status":"closed","ping_status":"closed","sticky":false,"template":"","format":"standard","meta":{"_bbp_topic_count":0,"_bbp_reply_count":0,"_bbp_total_topic_count":0,"_bbp_total_reply_count":0,"_bbp_voice_count":0,"_bbp_anonymous_reply_count":0,"_bbp_topic_count_hidden":0,"_bbp_reply_count_hidden":0,"_bbp_forum_subforum_count":0,"site-sidebar-layout":"default","site-content-layout":"","ast-site-content-layout":"","site-content-style":"default","site-sidebar-style":"default","ast-global-header-display":"","ast-banner-title-visibility":"","ast-main-header-display":"","ast-hfb-above-header-display":"","ast-hfb-below-header-display":"","ast-hfb-mobile-header-display":"","site-post-title":"","ast-breadcrumbs-content":"","ast-featured-img":"","footer-sml-layout":"","theme-transparent-header-meta":"","adv-header-id-meta":"","stick-header-meta":"","header-above-stick-meta":"","header-main-stick-meta":"","header-below-stick-meta":"","astra-migrate-meta-layouts":"default","ast-page-background-enabled":"default","ast-page-background-meta":{"desktop":{"background-color":"var(--ast-global-color-4)","background-image":"","background-repeat":"repeat","background-position":"center center","background-size":"auto","background-attachment":"scroll","background-type":"","background-media":"","overlay-type":"","overlay-color":"","overlay-opacity":"","overlay-gradient":""},"tablet":{"background-color":"","background-image":"","background-repeat":"repeat","background-position":"center center","background-size":"auto","background-attachment":"scroll","background-type":"","background-media":"","overlay-type":"","overlay-color":"","overlay-opacity":"","overlay-gradient":""},"mobile":{"background-color":"","background-image":"","background-repeat":"repeat","background-position":"center center","background-size":"auto","background-attachment":"scroll","background-type":"","background-media":"","overlay-type":"","overlay-color":"","overlay-opacity":"","overlay-gradient":""}},"ast-content-background-meta":{"desktop":{"background-color":"var(--ast-global-color-5)","background-image":"","background-repeat":"repeat","background-position":"center center","background-size":"auto","background-attachment":"scroll","background-type":"","background-media":"","overlay-type":"","overlay-color":"","overlay-opacity":"","overlay-gradient":""},"tablet":{"background-color":"var(--ast-global-color-5)","background-image":"","background-repeat":"repeat","background-position":"center center","background-size":"auto","background-attachment":"scroll","background-type":"","background-media":"","overlay-type":"","overlay-color":"","overlay-opacity":"","overlay-gradient":""},"mobile":{"background-color":"var(--ast-global-color-5)","background-image":"","background-repeat":"repeat","background-position":"center center","background-size":"auto","background-attachment":"scroll","background-type":"","background-media":"","overlay-type":"","overlay-color":"","overlay-opacity":"","overlay-gradient":""}},"footnotes":""},"categories":[1,29],"tags":[88,45],"class_list":["post-137","post","type-post","status-publish","format-standard","hentry","category-general","category-portada","tag-alertes","tag-salut"],"post_mailing_queue_ids":[],"_links":{"self":[{"href":"https:\/\/agora.xtec.cat\/cfa-santadriadebesos\/wp-json\/wp\/v2\/posts\/137","targetHints":{"allow":["GET"]}}],"collection":[{"href":"https:\/\/agora.xtec.cat\/cfa-santadriadebesos\/wp-json\/wp\/v2\/posts"}],"about":[{"href":"https:\/\/agora.xtec.cat\/cfa-santadriadebesos\/wp-json\/wp\/v2\/types\/post"}],"author":[{"embeddable":true,"href":"https:\/\/agora.xtec.cat\/cfa-santadriadebesos\/wp-json\/wp\/v2\/users\/1"}],"replies":[{"embeddable":true,"href":"https:\/\/agora.xtec.cat\/cfa-santadriadebesos\/wp-json\/wp\/v2\/comments?post=137"}],"version-history":[{"count":4,"href":"https:\/\/agora.xtec.cat\/cfa-santadriadebesos\/wp-json\/wp\/v2\/posts\/137\/revisions"}],"predecessor-version":[{"id":731,"href":"https:\/\/agora.xtec.cat\/cfa-santadriadebesos\/wp-json\/wp\/v2\/posts\/137\/revisions\/731"}],"wp:attachment":[{"href":"https:\/\/agora.xtec.cat\/cfa-santadriadebesos\/wp-json\/wp\/v2\/media?parent=137"}],"wp:term":[{"taxonomy":"category","embeddable":true,"href":"https:\/\/agora.xtec.cat\/cfa-santadriadebesos\/wp-json\/wp\/v2\/categories?post=137"},{"taxonomy":"post_tag","embeddable":true,"href":"https:\/\/agora.xtec.cat\/cfa-santadriadebesos\/wp-json\/wp\/v2\/tags?post=137"}],"curies":[{"name":"wp","href":"https:\/\/api.w.org\/{rel}","templated":true}]}}