{"id":1280,"date":"2022-06-01T14:18:36","date_gmt":"2022-06-01T12:18:36","guid":{"rendered":"https:\/\/agora.xtec.cat\/cfa-santadriadebesos\/?p=1280"},"modified":"2022-06-15T20:08:31","modified_gmt":"2022-06-15T18:08:31","slug":"sortida-final-de-curs-2021-2022","status":"publish","type":"post","link":"https:\/\/agora.xtec.cat\/cfa-santadriadebesos\/general\/sortida-final-de-curs-2021-2022\/","title":{"rendered":"SORTIDA FINAL DE CURS 2021-2022"},"content":{"rendered":"<h1 style=\"text-align: center;\"><a href=\"https:\/\/agora.xtec.cat\/cfa-santadriadebesos\/wp-content\/uploads\/usu1359\/2022\/06\/Sortida-Fi-de-Curs-21-22-scaled.jpg\"><img loading=\"lazy\" decoding=\"async\" class=\"aligncenter wp-image-1281 size-large\" src=\"https:\/\/agora.xtec.cat\/cfa-santadriadebesos\/wp-content\/uploads\/usu1359\/2022\/06\/Sortida-Fi-de-Curs-21-22-1024x1024.jpg\" alt=\"\" width=\"1024\" height=\"1024\" srcset=\"https:\/\/agora.xtec.cat\/cfa-santadriadebesos\/wp-content\/uploads\/usu1359\/2022\/06\/Sortida-Fi-de-Curs-21-22-1024x1024.jpg 1024w, https:\/\/agora.xtec.cat\/cfa-santadriadebesos\/wp-content\/uploads\/usu1359\/2022\/06\/Sortida-Fi-de-Curs-21-22-300x300.jpg 300w, https:\/\/agora.xtec.cat\/cfa-santadriadebesos\/wp-content\/uploads\/usu1359\/2022\/06\/Sortida-Fi-de-Curs-21-22-150x150.jpg 150w, https:\/\/agora.xtec.cat\/cfa-santadriadebesos\/wp-content\/uploads\/usu1359\/2022\/06\/Sortida-Fi-de-Curs-21-22-768x768.jpg 768w, https:\/\/agora.xtec.cat\/cfa-santadriadebesos\/wp-content\/uploads\/usu1359\/2022\/06\/Sortida-Fi-de-Curs-21-22-1536x1536.jpg 1536w, https:\/\/agora.xtec.cat\/cfa-santadriadebesos\/wp-content\/uploads\/usu1359\/2022\/06\/Sortida-Fi-de-Curs-21-22-2048x2048.jpg 2048w\" sizes=\"auto, (max-width: 1024px) 100vw, 1024px\" \/><span style=\"color: #963232;\">Aquest curs tornem a fer sortida!!<\/span><\/a><\/h1>\n<p style=\"text-align: center;\">El <strong>dimecres 29 de Juny<\/strong> anirem a visitar les espectaculars <a href=\"https:\/\/ca.wikipedia.org\/wiki\/Muntanya_de_sal_de_Cardona\"><strong>Mines de Sal de Cardona<\/strong><\/a> i el <a href=\"https:\/\/es.wikipedia.org\/wiki\/Castillo_de_Cardona\"><strong>Castell de Cardona<\/strong><\/a>. Despr\u00e8s dinarem a un poble proper anomenat Su, a l&#8217;<a href=\"https:\/\/www.hostaldesu.com\/\"><em>Hostal Forn de Su<\/em><\/a>. Una agradable passejada de tarda per la zona i despr\u00e9s tornem a Barcelona. El viatge es fa en autocar. Per a m\u00e9s informaci\u00f3 contacteu amb els vostres professors. Aqu\u00ed teniu la situaci\u00f3 al pl\u00e0nol i m\u00e9s informaci\u00f3 en el Google maps: <a href=\"https:\/\/www.google.com\/maps\/d\/edit?mid=1CNcsyni_ys8W5gadmWCfDyqrcnvF1Og&amp;usp=sharing\">https:\/\/www.google.com\/maps\/d\/edit?mid=1CNcsyni_ys8W5gadmWCfDyqrcnvF1Og&amp;usp=sharing<\/a><\/p>\n","protected":false},"excerpt":{"rendered":"<p>Aquest curs tornem a fer sortida!! El dimecres 29 de Juny anirem a visitar les espectaculars Mines de Sal de Cardona i el Castell de Cardona. Despr\u00e8s dinarem a un poble proper anomenat Su, a l&#8217;Hostal Forn de Su. Una agradable passejada de tarda per la zona i despr\u00e9s tornem a Barcelona. El viatge es [&hellip;]<\/p>\n","protected":false},"author":1,"featured_media":1281,"comment_status":"open","ping_status":"closed","sticky":false,"template":"","format":"standard","meta":{"_bbp_topic_count":0,"_bbp_reply_count":0,"_bbp_total_topic_count":0,"_bbp_total_reply_count":0,"_bbp_voice_count":0,"_bbp_anonymous_reply_count":0,"_bbp_topic_count_hidden":0,"_bbp_reply_count_hidden":0,"_bbp_forum_subforum_count":0,"site-sidebar-layout":"default","site-content-layout":"","ast-site-content-layout":"","site-content-style":"default","site-sidebar-style":"default","ast-global-header-display":"","ast-banner-title-visibility":"","ast-main-header-display":"","ast-hfb-above-header-display":"","ast-hfb-below-header-display":"","ast-hfb-mobile-header-display":"","site-post-title":"","ast-breadcrumbs-content":"","ast-featured-img":"","footer-sml-layout":"","theme-transparent-header-meta":"","adv-header-id-meta":"","stick-header-meta":"","header-above-stick-meta":"","header-main-stick-meta":"","header-below-stick-meta":"","astra-migrate-meta-layouts":"default","ast-page-background-enabled":"default","ast-page-background-meta":{"desktop":{"background-color":"var(--ast-global-color-4)","background-image":"","background-repeat":"repeat","background-position":"center center","background-size":"auto","background-attachment":"scroll","background-type":"","background-media":"","overlay-type":"","overlay-color":"","overlay-opacity":"","overlay-gradient":""},"tablet":{"background-color":"","background-image":"","background-repeat":"repeat","background-position":"center center","background-size":"auto","background-attachment":"scroll","background-type":"","background-media":"","overlay-type":"","overlay-color":"","overlay-opacity":"","overlay-gradient":""},"mobile":{"background-color":"","background-image":"","background-repeat":"repeat","background-position":"center center","background-size":"auto","background-attachment":"scroll","background-type":"","background-media":"","overlay-type":"","overlay-color":"","overlay-opacity":"","overlay-gradient":""}},"ast-content-background-meta":{"desktop":{"background-color":"var(--ast-global-color-5)","background-image":"","background-repeat":"repeat","background-position":"center center","background-size":"auto","background-attachment":"scroll","background-type":"","background-media":"","overlay-type":"","overlay-color":"","overlay-opacity":"","overlay-gradient":""},"tablet":{"background-color":"var(--ast-global-color-5)","background-image":"","background-repeat":"repeat","background-position":"center center","background-size":"auto","background-attachment":"scroll","background-type":"","background-media":"","overlay-type":"","overlay-color":"","overlay-opacity":"","overlay-gradient":""},"mobile":{"background-color":"var(--ast-global-color-5)","background-image":"","background-repeat":"repeat","background-position":"center center","background-size":"auto","background-attachment":"scroll","background-type":"","background-media":"","overlay-type":"","overlay-color":"","overlay-opacity":"","overlay-gradient":""}},"footnotes":""},"categories":[86,1,29],"tags":[105,39,87],"class_list":["post-1280","post","type-post","status-publish","format-standard","has-post-thumbnail","hentry","category-festes-i-viatges","category-general","category-portada","tag-activitats","tag-sortides","tag-viatges"],"post_mailing_queue_ids":[],"_links":{"self":[{"href":"https:\/\/agora.xtec.cat\/cfa-santadriadebesos\/wp-json\/wp\/v2\/posts\/1280","targetHints":{"allow":["GET"]}}],"collection":[{"href":"https:\/\/agora.xtec.cat\/cfa-santadriadebesos\/wp-json\/wp\/v2\/posts"}],"about":[{"href":"https:\/\/agora.xtec.cat\/cfa-santadriadebesos\/wp-json\/wp\/v2\/types\/post"}],"author":[{"embeddable":true,"href":"https:\/\/agora.xtec.cat\/cfa-santadriadebesos\/wp-json\/wp\/v2\/users\/1"}],"replies":[{"embeddable":true,"href":"https:\/\/agora.xtec.cat\/cfa-santadriadebesos\/wp-json\/wp\/v2\/comments?post=1280"}],"version-history":[{"count":3,"href":"https:\/\/agora.xtec.cat\/cfa-santadriadebesos\/wp-json\/wp\/v2\/posts\/1280\/revisions"}],"predecessor-version":[{"id":1289,"href":"https:\/\/agora.xtec.cat\/cfa-santadriadebesos\/wp-json\/wp\/v2\/posts\/1280\/revisions\/1289"}],"wp:featuredmedia":[{"embeddable":true,"href":"https:\/\/agora.xtec.cat\/cfa-santadriadebesos\/wp-json\/wp\/v2\/media\/1281"}],"wp:attachment":[{"href":"https:\/\/agora.xtec.cat\/cfa-santadriadebesos\/wp-json\/wp\/v2\/media?parent=1280"}],"wp:term":[{"taxonomy":"category","embeddable":true,"href":"https:\/\/agora.xtec.cat\/cfa-santadriadebesos\/wp-json\/wp\/v2\/categories?post=1280"},{"taxonomy":"post_tag","embeddable":true,"href":"https:\/\/agora.xtec.cat\/cfa-santadriadebesos\/wp-json\/wp\/v2\/tags?post=1280"}],"curies":[{"name":"wp","href":"https:\/\/api.w.org\/{rel}","templated":true}]}}