{"id":1250,"date":"2022-06-16T12:13:08","date_gmt":"2022-06-16T10:13:08","guid":{"rendered":"https:\/\/agora.xtec.cat\/cfa-santadriadebesos\/?p=1250"},"modified":"2022-06-16T19:01:37","modified_gmt":"2022-06-16T17:01:37","slug":"preinscripcio-curs-22-23","status":"publish","type":"post","link":"https:\/\/agora.xtec.cat\/cfa-santadriadebesos\/general\/preinscripcio-curs-22-23\/","title":{"rendered":"Preinscripci\u00f3 curs 2022\/23"},"content":{"rendered":"<p><img loading=\"lazy\" decoding=\"async\" class=\"alignleft wp-image-1256\" style=\"font-size: 18.6667px;\" src=\"https:\/\/agora.xtec.cat\/cfa-santadriadebesos\/wp-content\/uploads\/usu1359\/2022\/05\/Preinscripcio-23web.jpg\" alt=\"\" width=\"388\" height=\"549\" srcset=\"https:\/\/agora.xtec.cat\/cfa-santadriadebesos\/wp-content\/uploads\/usu1359\/2022\/05\/Preinscripcio-23web.jpg 724w, https:\/\/agora.xtec.cat\/cfa-santadriadebesos\/wp-content\/uploads\/usu1359\/2022\/05\/Preinscripcio-23web-212x300.jpg 212w\" sizes=\"auto, (max-width: 388px) 100vw, 388px\" \/><\/p>\n<h3>Preinscripci\u00f3 &#8211; Oferta d&#8217;ensenyaments<\/h3>\n<p>Ja podeu fer la <strong>PREINSCRIPCI\u00d3<\/strong> al nostre Centre. Podeu veure les vacants en el seg\u00fcent enlla\u00e7:<\/p>\n<p><a href=\"https:\/\/agora.xtec.cat\/cfa-santadriadebesos\/wp-content\/uploads\/usu1359\/2022\/06\/vacants.pdf\">PREINSCRIPCI\u00d3 A CENTRES I AULES DE FORMACI\u00d3 DE PERSONES ADULTES. OFERTA D&#8217;ENSENYAMENTS. CURS 2022 \/ 2023<\/a><\/p>\n<p><span style=\"font-size: 14pt; font-family: helvetica, arial, sans-serif;\"><span style=\"color: #008080;\"><strong>Oferta formativa curs 2022\/2023<\/strong><\/span><br \/>\n<\/span><\/p>\n<p>No dubtis a contactar amb nosaltres si tens qualsevol dubte sobre els nostres cursos!<\/p>\n<table style=\"border-collapse: collapse; width: 53.1658%; height: 11px;\" border=\"1\">\n<tbody>\n<tr>\n<td style=\"width: 100%; border-style: dotted; border-color: #347f91;\"><span style=\"font-size: 12pt;\"><a href=\"https:\/\/agora.xtec.cat\/cfa-santadriadebesos\/ensenyaments\/ensenyaments-transprofessionals\/llengua-anglesa\/\"><span style=\"font-family: helvetica, arial, sans-serif;\">Angl\u00e8s: nivells 1, 2 i 3.<\/span><\/a><\/span><\/p>\n<p><span style=\"font-size: 12pt;\"><a href=\"https:\/\/agora.xtec.cat\/cfa-santadriadebesos\/ensenyaments\/ensenyaments-transprofessionals\/llengua-francesa\/\"><span style=\"font-family: helvetica, arial, sans-serif;\">Franc\u00e8s: nivells 1 i 2.<\/span><\/a><\/span><\/p>\n<p><span style=\"font-size: 12pt;\"><a href=\"https:\/\/agora.xtec.cat\/cfa-santadriadebesos\/ensenyaments\/ensenyaments-inicials-i-formacio-basica\/llengua-catalana\/\"><span style=\"font-family: helvetica, arial, sans-serif;\">Catal\u00e0: nivells 1, 2 i 3.<\/span><\/a><\/span><\/p>\n<p><span style=\"font-size: 12pt;\"><a href=\"https:\/\/agora.xtec.cat\/cfa-santadriadebesos\/ensenyaments\/ensenyaments-inicials-i-formacio-basica\/llengua-castellana\/\"><span style=\"font-family: helvetica, arial, sans-serif;\">Castell\u00e0: nivells 1, 2 i 3.<\/span><\/a><\/span><\/p>\n<p><span style=\"font-size: 12pt;\"><a href=\"https:\/\/agora.xtec.cat\/cfa-santadriadebesos\/ensenyaments\/ensenyaments-transprofessionals\/competencia-digital-competic\/\"><span style=\"font-family: helvetica, arial, sans-serif;\">Competic: nivell inicial, 1, 2 i 3.<\/span><\/a><\/span><\/p>\n<p><span style=\"font-size: 12pt;\"><a href=\"https:\/\/agora.xtec.cat\/cfa-santadriadebesos\/ensenyaments\/ensenyaments-inicials-i-formacio-basica\/formacio-instrumental\/\"><span style=\"font-family: helvetica, arial, sans-serif;\">Cicle de formaci\u00f3 instrumental (CFI): nivells 1, 2, 3 i 4.<\/span><\/a><\/span><\/p>\n<p><span style=\"font-size: 12pt;\"><a href=\"https:\/\/agora.xtec.cat\/cfa-santadriadebesos\/ensenyaments\/ensenyaments-inicials-i-formacio-basica\/graduat-en-educacio-secundaria-per-adults\/\"><span style=\"font-family: helvetica, arial, sans-serif;\">Graduat en secund\u00e0ria (GES): nivells 1 i 2.<\/span><\/a><\/span><\/p>\n<p><span style=\"font-size: 12pt;\"><a href=\"https:\/\/agora.xtec.cat\/cfa-santadriadebesos\/ensenyaments\/ensenyaments-per-a-la-preparacio-de-proves-dacces\/a-cicles-formatius-de-grau-superior\/\"><span style=\"font-family: helvetica, arial, sans-serif;\">Curs de preparaci\u00f3 per a les proves d&#8217;acc\u00e9s a cicles formatius de grau superior.<\/span><\/a><\/span><\/p>\n<p><span style=\"font-size: 12pt;\"><a href=\"https:\/\/agora.xtec.cat\/cfa-santadriadebesos\/ensenyaments\/ensenyaments-per-a-la-preparacio-de-proves-dacces\/a-la-universitat-per-a-majors-de-25-anys\/\"><span style=\"font-family: helvetica, arial, sans-serif;\">Curs de preparaci\u00f3 per a les proves d&#8217;acc\u00e9s a la universitat per a m\u00e9s grans de 25 i 45 anys.<\/span><\/a><\/span><\/td>\n<\/tr>\n<\/tbody>\n<\/table>\n<p>&nbsp;<\/p>\n","protected":false},"excerpt":{"rendered":"<p>Preinscripci\u00f3 &#8211; Oferta d&#8217;ensenyaments Ja podeu fer la PREINSCRIPCI\u00d3 al nostre Centre. Podeu veure les vacants en el seg\u00fcent enlla\u00e7: PREINSCRIPCI\u00d3 A CENTRES I AULES DE FORMACI\u00d3 DE PERSONES ADULTES. OFERTA D&#8217;ENSENYAMENTS. CURS 2022 \/ 2023 Oferta formativa curs 2022\/2023 No dubtis a contactar amb nosaltres si tens qualsevol dubte sobre els nostres cursos! Angl\u00e8s: [&hellip;]<\/p>\n","protected":false},"author":1,"featured_media":0,"comment_status":"closed","ping_status":"closed","sticky":false,"template":"","format":"standard","meta":{"_bbp_topic_count":0,"_bbp_reply_count":0,"_bbp_total_topic_count":0,"_bbp_total_reply_count":0,"_bbp_voice_count":0,"_bbp_anonymous_reply_count":0,"_bbp_topic_count_hidden":0,"_bbp_reply_count_hidden":0,"_bbp_forum_subforum_count":0,"site-sidebar-layout":"default","site-content-layout":"","ast-site-content-layout":"","site-content-style":"default","site-sidebar-style":"default","ast-global-header-display":"","ast-banner-title-visibility":"","ast-main-header-display":"","ast-hfb-above-header-display":"","ast-hfb-below-header-display":"","ast-hfb-mobile-header-display":"","site-post-title":"","ast-breadcrumbs-content":"","ast-featured-img":"","footer-sml-layout":"","theme-transparent-header-meta":"","adv-header-id-meta":"","stick-header-meta":"","header-above-stick-meta":"","header-main-stick-meta":"","header-below-stick-meta":"","astra-migrate-meta-layouts":"default","ast-page-background-enabled":"default","ast-page-background-meta":{"desktop":{"background-color":"var(--ast-global-color-4)","background-image":"","background-repeat":"repeat","background-position":"center center","background-size":"auto","background-attachment":"scroll","background-type":"","background-media":"","overlay-type":"","overlay-color":"","overlay-opacity":"","overlay-gradient":""},"tablet":{"background-color":"","background-image":"","background-repeat":"repeat","background-position":"center center","background-size":"auto","background-attachment":"scroll","background-type":"","background-media":"","overlay-type":"","overlay-color":"","overlay-opacity":"","overlay-gradient":""},"mobile":{"background-color":"","background-image":"","background-repeat":"repeat","background-position":"center center","background-size":"auto","background-attachment":"scroll","background-type":"","background-media":"","overlay-type":"","overlay-color":"","overlay-opacity":"","overlay-gradient":""}},"ast-content-background-meta":{"desktop":{"background-color":"var(--ast-global-color-5)","background-image":"","background-repeat":"repeat","background-position":"center center","background-size":"auto","background-attachment":"scroll","background-type":"","background-media":"","overlay-type":"","overlay-color":"","overlay-opacity":"","overlay-gradient":""},"tablet":{"background-color":"var(--ast-global-color-5)","background-image":"","background-repeat":"repeat","background-position":"center center","background-size":"auto","background-attachment":"scroll","background-type":"","background-media":"","overlay-type":"","overlay-color":"","overlay-opacity":"","overlay-gradient":""},"mobile":{"background-color":"var(--ast-global-color-5)","background-image":"","background-repeat":"repeat","background-position":"center center","background-size":"auto","background-attachment":"scroll","background-type":"","background-media":"","overlay-type":"","overlay-color":"","overlay-opacity":"","overlay-gradient":""}},"footnotes":""},"categories":[89,1,29],"tags":[97,92],"class_list":["post-1250","post","type-post","status-publish","format-standard","hentry","category-ensenyaments","category-general","category-portada","tag-matricula","tag-preinscripcio"],"post_mailing_queue_ids":[],"_links":{"self":[{"href":"https:\/\/agora.xtec.cat\/cfa-santadriadebesos\/wp-json\/wp\/v2\/posts\/1250","targetHints":{"allow":["GET"]}}],"collection":[{"href":"https:\/\/agora.xtec.cat\/cfa-santadriadebesos\/wp-json\/wp\/v2\/posts"}],"about":[{"href":"https:\/\/agora.xtec.cat\/cfa-santadriadebesos\/wp-json\/wp\/v2\/types\/post"}],"author":[{"embeddable":true,"href":"https:\/\/agora.xtec.cat\/cfa-santadriadebesos\/wp-json\/wp\/v2\/users\/1"}],"replies":[{"embeddable":true,"href":"https:\/\/agora.xtec.cat\/cfa-santadriadebesos\/wp-json\/wp\/v2\/comments?post=1250"}],"version-history":[{"count":3,"href":"https:\/\/agora.xtec.cat\/cfa-santadriadebesos\/wp-json\/wp\/v2\/posts\/1250\/revisions"}],"predecessor-version":[{"id":1311,"href":"https:\/\/agora.xtec.cat\/cfa-santadriadebesos\/wp-json\/wp\/v2\/posts\/1250\/revisions\/1311"}],"wp:attachment":[{"href":"https:\/\/agora.xtec.cat\/cfa-santadriadebesos\/wp-json\/wp\/v2\/media?parent=1250"}],"wp:term":[{"taxonomy":"category","embeddable":true,"href":"https:\/\/agora.xtec.cat\/cfa-santadriadebesos\/wp-json\/wp\/v2\/categories?post=1250"},{"taxonomy":"post_tag","embeddable":true,"href":"https:\/\/agora.xtec.cat\/cfa-santadriadebesos\/wp-json\/wp\/v2\/tags?post=1250"}],"curies":[{"name":"wp","href":"https:\/\/api.w.org\/{rel}","templated":true}]}}