{"id":1196,"date":"2021-12-12T12:09:09","date_gmt":"2021-12-12T11:09:09","guid":{"rendered":"https:\/\/agora.xtec.cat\/cfa-santadriadebesos\/?p=1196"},"modified":"2022-01-19T13:43:35","modified_gmt":"2022-01-19T12:43:35","slug":"eleccions-al-consell-escolar","status":"publish","type":"post","link":"https:\/\/agora.xtec.cat\/cfa-santadriadebesos\/portada\/eleccions-al-consell-escolar\/","title":{"rendered":"Eleccions al Consell Escolar"},"content":{"rendered":"<table style=\"border-collapse: collapse; width: 70.2763%;\" border=\"1\">\n<tbody>\n<tr>\n<td style=\"width: 29.6229%;\"><a href=\"https:\/\/agora.xtec.cat\/cfa-santadriadebesos\/wp-content\/uploads\/usu1359\/2021\/11\/Cartell-Consell-Escolar-Montseny_pages-to-jpg-0001-scaled.jpg\"><img loading=\"lazy\" decoding=\"async\" class=\"aligncenter wp-image-1138 size-large\" src=\"https:\/\/agora.xtec.cat\/cfa-santadriadebesos\/wp-content\/uploads\/usu1359\/2021\/11\/Cartell-Consell-Escolar-Montseny_pages-to-jpg-0001-724x1024.jpg\" alt=\"\" width=\"724\" height=\"1024\" srcset=\"https:\/\/agora.xtec.cat\/cfa-santadriadebesos\/wp-content\/uploads\/usu1359\/2021\/11\/Cartell-Consell-Escolar-Montseny_pages-to-jpg-0001-724x1024.jpg 724w, https:\/\/agora.xtec.cat\/cfa-santadriadebesos\/wp-content\/uploads\/usu1359\/2021\/11\/Cartell-Consell-Escolar-Montseny_pages-to-jpg-0001-212x300.jpg 212w, https:\/\/agora.xtec.cat\/cfa-santadriadebesos\/wp-content\/uploads\/usu1359\/2021\/11\/Cartell-Consell-Escolar-Montseny_pages-to-jpg-0001-768x1086.jpg 768w, https:\/\/agora.xtec.cat\/cfa-santadriadebesos\/wp-content\/uploads\/usu1359\/2021\/11\/Cartell-Consell-Escolar-Montseny_pages-to-jpg-0001-1086x1536.jpg 1086w, https:\/\/agora.xtec.cat\/cfa-santadriadebesos\/wp-content\/uploads\/usu1359\/2021\/11\/Cartell-Consell-Escolar-Montseny_pages-to-jpg-0001-1448x2048.jpg 1448w, https:\/\/agora.xtec.cat\/cfa-santadriadebesos\/wp-content\/uploads\/usu1359\/2021\/11\/Cartell-Consell-Escolar-Montseny_pages-to-jpg-0001-scaled.jpg 1810w\" sizes=\"auto, (max-width: 724px) 100vw, 724px\" \/><\/a><\/td>\n<td style=\"width: 41.1017%;\"><strong>Resultats de les votacions del sector alumnes<\/strong><\/p>\n<p><span style=\"font-size: 14pt;\">Els resultats de les votacions per al Consell Escolar s\u00f3n els seg\u00fcents amb 223 persones que han participat i 530 vots emesos.<\/span><br \/>\n<span style=\"font-size: 12pt;\">Mar\u00eda Amaya Fern\u00e1ndez (CFI 3 AM) 53 vots<\/span><br \/>\n<span style=\"font-size: 12pt;\">Maria Alzira Antas Onorina (Angl\u00e8s 1 BT, Franc\u00e8s 1 BM, Competic inicial BT) 74 vots<\/span><br \/>\n<span style=\"font-size: 12pt;\">Montserrat Belda Escot\u00e9 (Angl\u00e8s 2 BT) 52 vots<\/span><br \/>\n<span style=\"font-size: 12pt;\">Miguel Flores Cano (GES 1 AM) 47 vots<\/span><br \/>\n<span style=\"font-size: 12pt;\">Pamela Flores Cort\u00e9s (CFI 3 AM) 54 vots<\/span><br \/>\n<span style=\"font-size: 12pt;\">Montserrat Gil Vilagran (Competic 2 BT) 57 vots<\/span><br \/>\n<span style=\"font-size: 12pt;\">Noelia Hidalgo Iglesias (CFI 3 AM) 38 vots<\/span><br \/>\n<span style=\"font-size: 12pt;\">Isabel Llacha Ferran (Angl\u00e8s 1 BM, Competic 1 BM) 63 vots<\/span><br \/>\n<span style=\"font-size: 12pt;\">Maria Luisa Soriano Segura (Angl\u00e8s 2 BT) 61 vots<\/span><br \/>\n<span style=\"font-size: 12pt;\">Mar\u00eda Luisa V\u00e1zquez Gonz\u00e1lez (CFI 2 AM) 31 vots<\/span><\/p>\n<p><span style=\"font-size: 14pt;\">Per tant, les noves representants del Consell Escolar s\u00f3n:<\/span><\/p>\n<p><span style=\"font-size: 14pt;\">Maria Alzira Antas,\u00a0Isabel Llacha\u00a0i\u00a0Maria Luisa Soriano.<\/span><\/p>\n<p><span style=\"font-size: 14pt;\">Moltes gr\u00e0cies a tothom per participar-hi!<\/span><\/td>\n<\/tr>\n<\/tbody>\n<\/table>\n","protected":false},"excerpt":{"rendered":"<p>Resultats de les votacions del sector alumnes Els resultats de les votacions per al Consell Escolar s\u00f3n els seg\u00fcents amb 223 persones que han participat i 530 vots emesos. Mar\u00eda Amaya Fern\u00e1ndez (CFI 3 AM) 53 vots Maria Alzira Antas Onorina (Angl\u00e8s 1 BT, Franc\u00e8s 1 BM, Competic inicial BT) 74 vots Montserrat Belda Escot\u00e9 [&hellip;]<\/p>\n","protected":false},"author":1,"featured_media":0,"comment_status":"closed","ping_status":"closed","sticky":false,"template":"","format":"standard","meta":{"_bbp_topic_count":0,"_bbp_reply_count":0,"_bbp_total_topic_count":0,"_bbp_total_reply_count":0,"_bbp_voice_count":0,"_bbp_anonymous_reply_count":0,"_bbp_topic_count_hidden":0,"_bbp_reply_count_hidden":0,"_bbp_forum_subforum_count":0,"site-sidebar-layout":"default","site-content-layout":"","ast-site-content-layout":"","site-content-style":"default","site-sidebar-style":"default","ast-global-header-display":"","ast-banner-title-visibility":"","ast-main-header-display":"","ast-hfb-above-header-display":"","ast-hfb-below-header-display":"","ast-hfb-mobile-header-display":"","site-post-title":"","ast-breadcrumbs-content":"","ast-featured-img":"","footer-sml-layout":"","theme-transparent-header-meta":"","adv-header-id-meta":"","stick-header-meta":"","header-above-stick-meta":"","header-main-stick-meta":"","header-below-stick-meta":"","astra-migrate-meta-layouts":"default","ast-page-background-enabled":"default","ast-page-background-meta":{"desktop":{"background-color":"var(--ast-global-color-4)","background-image":"","background-repeat":"repeat","background-position":"center center","background-size":"auto","background-attachment":"scroll","background-type":"","background-media":"","overlay-type":"","overlay-color":"","overlay-opacity":"","overlay-gradient":""},"tablet":{"background-color":"","background-image":"","background-repeat":"repeat","background-position":"center center","background-size":"auto","background-attachment":"scroll","background-type":"","background-media":"","overlay-type":"","overlay-color":"","overlay-opacity":"","overlay-gradient":""},"mobile":{"background-color":"","background-image":"","background-repeat":"repeat","background-position":"center center","background-size":"auto","background-attachment":"scroll","background-type":"","background-media":"","overlay-type":"","overlay-color":"","overlay-opacity":"","overlay-gradient":""}},"ast-content-background-meta":{"desktop":{"background-color":"var(--ast-global-color-5)","background-image":"","background-repeat":"repeat","background-position":"center center","background-size":"auto","background-attachment":"scroll","background-type":"","background-media":"","overlay-type":"","overlay-color":"","overlay-opacity":"","overlay-gradient":""},"tablet":{"background-color":"var(--ast-global-color-5)","background-image":"","background-repeat":"repeat","background-position":"center center","background-size":"auto","background-attachment":"scroll","background-type":"","background-media":"","overlay-type":"","overlay-color":"","overlay-opacity":"","overlay-gradient":""},"mobile":{"background-color":"var(--ast-global-color-5)","background-image":"","background-repeat":"repeat","background-position":"center center","background-size":"auto","background-attachment":"scroll","background-type":"","background-media":"","overlay-type":"","overlay-color":"","overlay-opacity":"","overlay-gradient":""}},"footnotes":""},"categories":[100,29],"tags":[102,101],"class_list":["post-1196","post","type-post","status-publish","format-standard","hentry","category-consell-escolar","category-portada","tag-consell-escolar","tag-el-centre"],"post_mailing_queue_ids":[],"_links":{"self":[{"href":"https:\/\/agora.xtec.cat\/cfa-santadriadebesos\/wp-json\/wp\/v2\/posts\/1196","targetHints":{"allow":["GET"]}}],"collection":[{"href":"https:\/\/agora.xtec.cat\/cfa-santadriadebesos\/wp-json\/wp\/v2\/posts"}],"about":[{"href":"https:\/\/agora.xtec.cat\/cfa-santadriadebesos\/wp-json\/wp\/v2\/types\/post"}],"author":[{"embeddable":true,"href":"https:\/\/agora.xtec.cat\/cfa-santadriadebesos\/wp-json\/wp\/v2\/users\/1"}],"replies":[{"embeddable":true,"href":"https:\/\/agora.xtec.cat\/cfa-santadriadebesos\/wp-json\/wp\/v2\/comments?post=1196"}],"version-history":[{"count":3,"href":"https:\/\/agora.xtec.cat\/cfa-santadriadebesos\/wp-json\/wp\/v2\/posts\/1196\/revisions"}],"predecessor-version":[{"id":1215,"href":"https:\/\/agora.xtec.cat\/cfa-santadriadebesos\/wp-json\/wp\/v2\/posts\/1196\/revisions\/1215"}],"wp:attachment":[{"href":"https:\/\/agora.xtec.cat\/cfa-santadriadebesos\/wp-json\/wp\/v2\/media?parent=1196"}],"wp:term":[{"taxonomy":"category","embeddable":true,"href":"https:\/\/agora.xtec.cat\/cfa-santadriadebesos\/wp-json\/wp\/v2\/categories?post=1196"},{"taxonomy":"post_tag","embeddable":true,"href":"https:\/\/agora.xtec.cat\/cfa-santadriadebesos\/wp-json\/wp\/v2\/tags?post=1196"}],"curies":[{"name":"wp","href":"https:\/\/api.w.org\/{rel}","templated":true}]}}