{"id":1182,"date":"2021-12-17T05:24:20","date_gmt":"2021-12-17T04:24:20","guid":{"rendered":"https:\/\/agora.xtec.cat\/cfa-santadriadebesos\/?p=1182"},"modified":"2022-01-19T13:38:35","modified_gmt":"2022-01-19T12:38:35","slug":"sorteig-de-nadal-2021","status":"publish","type":"post","link":"https:\/\/agora.xtec.cat\/cfa-santadriadebesos\/portada\/sorteig-de-nadal-2021\/","title":{"rendered":"Sorteig de Nadal 2021"},"content":{"rendered":"<table style=\"border-collapse: collapse; width: 100%;\" border=\"1\">\n<tbody>\n<tr>\n<td style=\"width: 31.2837%;\"><a href=\"https:\/\/agora.xtec.cat\/cfa-santadriadebesos\/wp-content\/uploads\/usu1359\/2021\/12\/Sorteig-de-nadal-2021-scaled.jpg\"><img loading=\"lazy\" decoding=\"async\" class=\"aligncenter wp-image-1179 size-thumbnail\" src=\"https:\/\/agora.xtec.cat\/cfa-santadriadebesos\/wp-content\/uploads\/usu1359\/2021\/12\/Sorteig-de-nadal-2021-150x150.jpg\" alt=\"\" width=\"150\" height=\"150\" \/><\/a><\/td>\n<td style=\"width: 68.7163%;\"><span style=\"font-size: 14pt;\">Les persones guanyadores han estat:<\/span><\/p>\n<ul>\n<li><strong><span style=\"font-size: 14pt;\">Maria Amaya (CFI 3 AM)<\/span><\/strong><\/li>\n<li><strong><span style=\"font-size: 14pt;\">Juan G\u00f3mez Garc\u00eda (GES 2 BT)<\/span><\/strong><\/li>\n<\/ul>\n<p><strong><span style=\"font-size: 14pt; color: #ff0000;\">Felicitats i bon profit!!!<\/span><\/strong><\/p>\n<p>&nbsp;<\/td>\n<\/tr>\n<tr>\n<td style=\"width: 100%;\" colspan=\"2\">\n<h3 style=\"text-align: center;\"><span style=\"color: #ff0000;\">Aquest any rifem dues paneres solid\u00e0ries!!<\/span><\/h3>\n<p style=\"text-align: center;\"><span style=\"font-size: 12pt;\">La recaudaci\u00f3 de la rifa anir\u00e0 destinada a <a href=\"https:\/\/www.ccma.cat\/tv3\/marato\/\">la Marat\u00f3<\/a> d&#8217;aquest any que es celebra el dia 19 de desembre. Un projecte solidari impulsat per Televisi\u00f3 de Catalunya i la Fundaci\u00f3 La Marat\u00f3 de TV3 des de 1992.<\/span><\/p>\n<p style=\"text-align: center;\"><span style=\"font-size: 12pt;\">Les paneres han estat preparades per <a href=\"https:\/\/femarec.cat\/\">FEMAREC<\/a>, una entitat que treballa amb persones amb risc d&#8217;exclusi\u00f3 social.<\/span><\/p>\n<\/td>\n<\/tr>\n<\/tbody>\n<\/table>\n","protected":false},"excerpt":{"rendered":"<p>Les persones guanyadores han estat: Maria Amaya (CFI 3 AM) Juan G\u00f3mez Garc\u00eda (GES 2 BT) Felicitats i bon profit!!! &nbsp; Aquest any rifem dues paneres solid\u00e0ries!! La recaudaci\u00f3 de la rifa anir\u00e0 destinada a la Marat\u00f3 d&#8217;aquest any que es celebra el dia 19 de desembre. Un projecte solidari impulsat per Televisi\u00f3 de Catalunya [&hellip;]<\/p>\n","protected":false},"author":1,"featured_media":1179,"comment_status":"closed","ping_status":"closed","sticky":false,"template":"","format":"standard","meta":{"_bbp_topic_count":0,"_bbp_reply_count":0,"_bbp_total_topic_count":0,"_bbp_total_reply_count":0,"_bbp_voice_count":0,"_bbp_anonymous_reply_count":0,"_bbp_topic_count_hidden":0,"_bbp_reply_count_hidden":0,"_bbp_forum_subforum_count":0,"site-sidebar-layout":"default","site-content-layout":"","ast-site-content-layout":"","site-content-style":"default","site-sidebar-style":"default","ast-global-header-display":"","ast-banner-title-visibility":"","ast-main-header-display":"","ast-hfb-above-header-display":"","ast-hfb-below-header-display":"","ast-hfb-mobile-header-display":"","site-post-title":"","ast-breadcrumbs-content":"","ast-featured-img":"","footer-sml-layout":"","theme-transparent-header-meta":"","adv-header-id-meta":"","stick-header-meta":"","header-above-stick-meta":"","header-main-stick-meta":"","header-below-stick-meta":"","astra-migrate-meta-layouts":"default","ast-page-background-enabled":"default","ast-page-background-meta":{"desktop":{"background-color":"var(--ast-global-color-4)","background-image":"","background-repeat":"repeat","background-position":"center center","background-size":"auto","background-attachment":"scroll","background-type":"","background-media":"","overlay-type":"","overlay-color":"","overlay-opacity":"","overlay-gradient":""},"tablet":{"background-color":"","background-image":"","background-repeat":"repeat","background-position":"center center","background-size":"auto","background-attachment":"scroll","background-type":"","background-media":"","overlay-type":"","overlay-color":"","overlay-opacity":"","overlay-gradient":""},"mobile":{"background-color":"","background-image":"","background-repeat":"repeat","background-position":"center center","background-size":"auto","background-attachment":"scroll","background-type":"","background-media":"","overlay-type":"","overlay-color":"","overlay-opacity":"","overlay-gradient":""}},"ast-content-background-meta":{"desktop":{"background-color":"var(--ast-global-color-5)","background-image":"","background-repeat":"repeat","background-position":"center center","background-size":"auto","background-attachment":"scroll","background-type":"","background-media":"","overlay-type":"","overlay-color":"","overlay-opacity":"","overlay-gradient":""},"tablet":{"background-color":"var(--ast-global-color-5)","background-image":"","background-repeat":"repeat","background-position":"center center","background-size":"auto","background-attachment":"scroll","background-type":"","background-media":"","overlay-type":"","overlay-color":"","overlay-opacity":"","overlay-gradient":""},"mobile":{"background-color":"var(--ast-global-color-5)","background-image":"","background-repeat":"repeat","background-position":"center center","background-size":"auto","background-attachment":"scroll","background-type":"","background-media":"","overlay-type":"","overlay-color":"","overlay-opacity":"","overlay-gradient":""}},"footnotes":""},"categories":[86,29],"tags":[105,104,103],"class_list":["post-1182","post","type-post","status-publish","format-standard","has-post-thumbnail","hentry","category-festes-i-viatges","category-portada","tag-activitats","tag-nadal","tag-rifes"],"post_mailing_queue_ids":[],"_links":{"self":[{"href":"https:\/\/agora.xtec.cat\/cfa-santadriadebesos\/wp-json\/wp\/v2\/posts\/1182","targetHints":{"allow":["GET"]}}],"collection":[{"href":"https:\/\/agora.xtec.cat\/cfa-santadriadebesos\/wp-json\/wp\/v2\/posts"}],"about":[{"href":"https:\/\/agora.xtec.cat\/cfa-santadriadebesos\/wp-json\/wp\/v2\/types\/post"}],"author":[{"embeddable":true,"href":"https:\/\/agora.xtec.cat\/cfa-santadriadebesos\/wp-json\/wp\/v2\/users\/1"}],"replies":[{"embeddable":true,"href":"https:\/\/agora.xtec.cat\/cfa-santadriadebesos\/wp-json\/wp\/v2\/comments?post=1182"}],"version-history":[{"count":3,"href":"https:\/\/agora.xtec.cat\/cfa-santadriadebesos\/wp-json\/wp\/v2\/posts\/1182\/revisions"}],"predecessor-version":[{"id":1212,"href":"https:\/\/agora.xtec.cat\/cfa-santadriadebesos\/wp-json\/wp\/v2\/posts\/1182\/revisions\/1212"}],"wp:featuredmedia":[{"embeddable":true,"href":"https:\/\/agora.xtec.cat\/cfa-santadriadebesos\/wp-json\/wp\/v2\/media\/1179"}],"wp:attachment":[{"href":"https:\/\/agora.xtec.cat\/cfa-santadriadebesos\/wp-json\/wp\/v2\/media?parent=1182"}],"wp:term":[{"taxonomy":"category","embeddable":true,"href":"https:\/\/agora.xtec.cat\/cfa-santadriadebesos\/wp-json\/wp\/v2\/categories?post=1182"},{"taxonomy":"post_tag","embeddable":true,"href":"https:\/\/agora.xtec.cat\/cfa-santadriadebesos\/wp-json\/wp\/v2\/tags?post=1182"}],"curies":[{"name":"wp","href":"https:\/\/api.w.org\/{rel}","templated":true}]}}