{"id":1035,"date":"2021-02-25T13:39:10","date_gmt":"2021-02-25T12:39:10","guid":{"rendered":"https:\/\/agora.xtec.cat\/cfa-santadriadebesos\/?p=1035"},"modified":"2021-02-26T13:13:42","modified_gmt":"2021-02-26T12:13:42","slug":"concurs-fotografic-dia-de-la-dona","status":"publish","type":"post","link":"https:\/\/agora.xtec.cat\/cfa-santadriadebesos\/portada\/concurs-fotografic-dia-de-la-dona\/","title":{"rendered":"Concurs fotogr\u00e0fic Dia de la dona"},"content":{"rendered":"<p><strong>BASES DEL CONCURS FOTOGR\u00c0FIC DIA DE LA DONA<\/strong><\/p>\n<p>I. Hi pot participar tot l&#8217;alumnat (dones i homes) del CFA Sant Adri\u00e0 de Bes\u00f2s.<br \/>\nII. Cada participant ha d&#8217;enviar UNA fotografia en format digital al correu <strong>bustia@cfasab.cat<\/strong> indicant el seu nom i grup, abans de l&#8217;1 de mar\u00e7 de 2021.<br \/>\nIII. El tema de les imatges ser\u00e0 la import\u00e0ncia de la dona a la nostra societat (dones treballadores, mares, emprenedores, etc.). Es valorar\u00e0 que l&#8217;autor\/a aconsegueixi transmetre el valor de l&#8217;empoderament femen\u00ed.<br \/>\nIV. Cada imatge anir\u00e0 acompanyada d&#8217;un petit text en qu\u00e8 s&#8217;explicar\u00e0 la imatge: qui o qu\u00e8 es veu, per qu\u00e8 s&#8217;ha escollit aquesta fotografia&#8230;<br \/>\nV. El jurat escollir\u00e0 les millors fotografies, que seran exposades a l&#8217;escola. L&#8217;autor de la imatge guanyadora s&#8217;emportar\u00e0:<br \/>\n&#8211; C\u00e0mera instant\u00e0nia Fujifilm<br \/>\n&#8211; Un llibre de tem\u00e0tica feminista<\/p>\n<p><a href=\"https:\/\/agora.xtec.cat\/cfa-santadriadebesos\/wp-content\/uploads\/usu1359\/2021\/02\/concurs-dia-de-la-dona.jpg\"><img loading=\"lazy\" decoding=\"async\" class=\"aligncenter wp-image-1038 size-medium\" src=\"https:\/\/agora.xtec.cat\/cfa-santadriadebesos\/wp-content\/uploads\/usu1359\/2021\/02\/concurs-dia-de-la-dona-214x300.jpg\" alt=\"\" width=\"214\" height=\"300\" srcset=\"https:\/\/agora.xtec.cat\/cfa-santadriadebesos\/wp-content\/uploads\/usu1359\/2021\/02\/concurs-dia-de-la-dona-214x300.jpg 214w, https:\/\/agora.xtec.cat\/cfa-santadriadebesos\/wp-content\/uploads\/usu1359\/2021\/02\/concurs-dia-de-la-dona-768x1076.jpg 768w, https:\/\/agora.xtec.cat\/cfa-santadriadebesos\/wp-content\/uploads\/usu1359\/2021\/02\/concurs-dia-de-la-dona-731x1024.jpg 731w, https:\/\/agora.xtec.cat\/cfa-santadriadebesos\/wp-content\/uploads\/usu1359\/2021\/02\/concurs-dia-de-la-dona.jpg 1428w\" sizes=\"auto, (max-width: 214px) 100vw, 214px\" \/><\/a><\/p>\n","protected":false},"excerpt":{"rendered":"<p>BASES DEL CONCURS FOTOGR\u00c0FIC DIA DE LA DONA I. Hi pot participar tot l&#8217;alumnat (dones i homes) del CFA Sant Adri\u00e0 de Bes\u00f2s. II. Cada participant ha d&#8217;enviar UNA fotografia en format digital al correu bustia@cfasab.cat indicant el seu nom i grup, abans de l&#8217;1 de mar\u00e7 de 2021. III. El tema de les imatges [&hellip;]<\/p>\n","protected":false},"author":1,"featured_media":0,"comment_status":"open","ping_status":"closed","sticky":false,"template":"","format":"standard","meta":{"_bbp_topic_count":0,"_bbp_reply_count":0,"_bbp_total_topic_count":0,"_bbp_total_reply_count":0,"_bbp_voice_count":0,"_bbp_anonymous_reply_count":0,"_bbp_topic_count_hidden":0,"_bbp_reply_count_hidden":0,"_bbp_forum_subforum_count":0,"site-sidebar-layout":"default","site-content-layout":"","ast-site-content-layout":"","site-content-style":"default","site-sidebar-style":"default","ast-global-header-display":"","ast-banner-title-visibility":"","ast-main-header-display":"","ast-hfb-above-header-display":"","ast-hfb-below-header-display":"","ast-hfb-mobile-header-display":"","site-post-title":"","ast-breadcrumbs-content":"","ast-featured-img":"","footer-sml-layout":"","theme-transparent-header-meta":"","adv-header-id-meta":"","stick-header-meta":"","header-above-stick-meta":"","header-main-stick-meta":"","header-below-stick-meta":"","astra-migrate-meta-layouts":"default","ast-page-background-enabled":"default","ast-page-background-meta":{"desktop":{"background-color":"var(--ast-global-color-4)","background-image":"","background-repeat":"repeat","background-position":"center center","background-size":"auto","background-attachment":"scroll","background-type":"","background-media":"","overlay-type":"","overlay-color":"","overlay-opacity":"","overlay-gradient":""},"tablet":{"background-color":"","background-image":"","background-repeat":"repeat","background-position":"center center","background-size":"auto","background-attachment":"scroll","background-type":"","background-media":"","overlay-type":"","overlay-color":"","overlay-opacity":"","overlay-gradient":""},"mobile":{"background-color":"","background-image":"","background-repeat":"repeat","background-position":"center center","background-size":"auto","background-attachment":"scroll","background-type":"","background-media":"","overlay-type":"","overlay-color":"","overlay-opacity":"","overlay-gradient":""}},"ast-content-background-meta":{"desktop":{"background-color":"var(--ast-global-color-5)","background-image":"","background-repeat":"repeat","background-position":"center center","background-size":"auto","background-attachment":"scroll","background-type":"","background-media":"","overlay-type":"","overlay-color":"","overlay-opacity":"","overlay-gradient":""},"tablet":{"background-color":"var(--ast-global-color-5)","background-image":"","background-repeat":"repeat","background-position":"center center","background-size":"auto","background-attachment":"scroll","background-type":"","background-media":"","overlay-type":"","overlay-color":"","overlay-opacity":"","overlay-gradient":""},"mobile":{"background-color":"var(--ast-global-color-5)","background-image":"","background-repeat":"repeat","background-position":"center center","background-size":"auto","background-attachment":"scroll","background-type":"","background-media":"","overlay-type":"","overlay-color":"","overlay-opacity":"","overlay-gradient":""}},"footnotes":""},"categories":[83,29],"tags":[],"class_list":["post-1035","post","type-post","status-publish","format-standard","hentry","category-activitats","category-portada"],"post_mailing_queue_ids":[],"_links":{"self":[{"href":"https:\/\/agora.xtec.cat\/cfa-santadriadebesos\/wp-json\/wp\/v2\/posts\/1035","targetHints":{"allow":["GET"]}}],"collection":[{"href":"https:\/\/agora.xtec.cat\/cfa-santadriadebesos\/wp-json\/wp\/v2\/posts"}],"about":[{"href":"https:\/\/agora.xtec.cat\/cfa-santadriadebesos\/wp-json\/wp\/v2\/types\/post"}],"author":[{"embeddable":true,"href":"https:\/\/agora.xtec.cat\/cfa-santadriadebesos\/wp-json\/wp\/v2\/users\/1"}],"replies":[{"embeddable":true,"href":"https:\/\/agora.xtec.cat\/cfa-santadriadebesos\/wp-json\/wp\/v2\/comments?post=1035"}],"version-history":[{"count":3,"href":"https:\/\/agora.xtec.cat\/cfa-santadriadebesos\/wp-json\/wp\/v2\/posts\/1035\/revisions"}],"predecessor-version":[{"id":1040,"href":"https:\/\/agora.xtec.cat\/cfa-santadriadebesos\/wp-json\/wp\/v2\/posts\/1035\/revisions\/1040"}],"wp:attachment":[{"href":"https:\/\/agora.xtec.cat\/cfa-santadriadebesos\/wp-json\/wp\/v2\/media?parent=1035"}],"wp:term":[{"taxonomy":"category","embeddable":true,"href":"https:\/\/agora.xtec.cat\/cfa-santadriadebesos\/wp-json\/wp\/v2\/categories?post=1035"},{"taxonomy":"post_tag","embeddable":true,"href":"https:\/\/agora.xtec.cat\/cfa-santadriadebesos\/wp-json\/wp\/v2\/tags?post=1035"}],"curies":[{"name":"wp","href":"https:\/\/api.w.org\/{rel}","templated":true}]}}