{"id":2209,"date":"2017-12-02T18:46:42","date_gmt":"2017-12-02T17:46:42","guid":{"rendered":"http:\/\/agora.xtec.cat\/cfa-espiteus\/?p=2209"},"modified":"2018-04-09T23:45:25","modified_gmt":"2018-04-09T21:45:25","slug":"visita-als-bunquers-de-la-guerra-civil-a-blanes","status":"publish","type":"post","link":"https:\/\/agora.xtec.cat\/cfa-espiteus\/general\/visita-als-bunquers-de-la-guerra-civil-a-blanes\/","title":{"rendered":"Visita als B\u00fanquers de la Guerra Civil a Blanes"},"content":{"rendered":"<p>&nbsp;<\/p>\n<p><a href=\"http:\/\/agora.xtec.cat\/cfa-espiteus\/wp-content\/uploads\/usu71\/2017\/12\/B\u00fanquers.jpg\"><img loading=\"lazy\" decoding=\"async\" class=\"alignnone size-large wp-image-2210\" src=\"http:\/\/agora.xtec.cat\/cfa-espiteus\/wp-content\/uploads\/usu71\/2017\/12\/B\u00fanquers-1024x576.jpg\" alt=\"\" width=\"1024\" height=\"576\" srcset=\"https:\/\/agora.xtec.cat\/cfa-espiteus\/wp-content\/uploads\/usu71\/2017\/12\/B\u00fanquers-1024x576.jpg 1024w, https:\/\/agora.xtec.cat\/cfa-espiteus\/wp-content\/uploads\/usu71\/2017\/12\/B\u00fanquers-300x169.jpg 300w, https:\/\/agora.xtec.cat\/cfa-espiteus\/wp-content\/uploads\/usu71\/2017\/12\/B\u00fanquers-768x432.jpg 768w, https:\/\/agora.xtec.cat\/cfa-espiteus\/wp-content\/uploads\/usu71\/2017\/12\/B\u00fanquers.jpg 1600w\" sizes=\"auto, (max-width: 1024px) 100vw, 1024px\" \/><\/a><\/p>\n<p style=\"text-align: justify;\">Aquest mat\u00ed hem anat a fer una visita als b\u00fanquers constru\u00efts a la muntanya de Quatrevents per donar refugi a la poblaci\u00f3 civil durant els intensos bombardejos que va patir el poble durant la Guerra Civil Espanyola, el m\u00e9s castigat de la comarca per l\u2019ofensiva dels insurgents del b\u00e0ndol Nacional, ajudats en aquest cas per l\u2019aviaci\u00f3 legion\u00e0ria de la It\u00e0lia feixista.<br \/>\nL\u2019empresa t\u00e8xtil S.A.F.A, on es sospitava que es duia a terme la fabricaci\u00f3 de munici\u00f3 de guerra per al b\u00e0ndol Republic\u00e0, i l\u2019estaci\u00f3 de trens van ser els principals objectius d\u2019aquests atacs. Tot i aix\u00ed tamb\u00e9 van patir bombardejos algunes zones del centre de la vila sense valor estrat\u00e8gic, amb l\u2019objectiu de causar el terror entre la poblaci\u00f3 civil.<\/p>\n<p>&nbsp;<\/p>\n<p>&nbsp;<\/p>\n<p>&nbsp;<\/p>\n<p>&nbsp;<\/p>\n","protected":false},"excerpt":{"rendered":"<p>&nbsp;<br \/>\n<a href=\"http:\/\/agora.xtec.cat\/cfa-espiteus\/wp-content\/uploads\/usu71\/2017\/12\/B\u00fanquers.jpg\"><\/a><br \/>\nAquest mat\u00ed hem anat a fer una visita als b\u00fanquers constru\u00efts a la muntanya de Quatrevents per donar refugi a la poblaci\u00f3 civil durant els intensos bombardejos que va patir el poble durant la Guerra Civil Espanyola, el m\u00e9s castigat de la comarca per&hellip;  <a href=\"https:\/\/agora.xtec.cat\/cfa-espiteus\/general\/visita-als-bunquers-de-la-guerra-civil-a-blanes\/\" title=\"Read Visita als B\u00fanquers de la Guerra Civil a Blanes\">Llegeix m\u00e9s\u00bb<\/a><\/p>\n","protected":false},"author":4,"featured_media":2210,"comment_status":"open","ping_status":"closed","sticky":false,"template":"","format":"standard","meta":{"_bbp_topic_count":0,"_bbp_reply_count":0,"_bbp_total_topic_count":0,"_bbp_total_reply_count":0,"_bbp_voice_count":0,"_bbp_anonymous_reply_count":0,"_bbp_topic_count_hidden":0,"_bbp_reply_count_hidden":0,"_bbp_forum_subforum_count":0,"footnotes":""},"categories":[1],"tags":[],"class_list":["post-2209","post","type-post","status-publish","format-standard","has-post-thumbnail","hentry","category-general"],"post_mailing_queue_ids":[],"_links":{"self":[{"href":"https:\/\/agora.xtec.cat\/cfa-espiteus\/wp-json\/wp\/v2\/posts\/2209","targetHints":{"allow":["GET"]}}],"collection":[{"href":"https:\/\/agora.xtec.cat\/cfa-espiteus\/wp-json\/wp\/v2\/posts"}],"about":[{"href":"https:\/\/agora.xtec.cat\/cfa-espiteus\/wp-json\/wp\/v2\/types\/post"}],"author":[{"embeddable":true,"href":"https:\/\/agora.xtec.cat\/cfa-espiteus\/wp-json\/wp\/v2\/users\/4"}],"replies":[{"embeddable":true,"href":"https:\/\/agora.xtec.cat\/cfa-espiteus\/wp-json\/wp\/v2\/comments?post=2209"}],"version-history":[{"count":4,"href":"https:\/\/agora.xtec.cat\/cfa-espiteus\/wp-json\/wp\/v2\/posts\/2209\/revisions"}],"predecessor-version":[{"id":2235,"href":"https:\/\/agora.xtec.cat\/cfa-espiteus\/wp-json\/wp\/v2\/posts\/2209\/revisions\/2235"}],"wp:featuredmedia":[{"embeddable":true,"href":"https:\/\/agora.xtec.cat\/cfa-espiteus\/wp-json\/wp\/v2\/media\/2210"}],"wp:attachment":[{"href":"https:\/\/agora.xtec.cat\/cfa-espiteus\/wp-json\/wp\/v2\/media?parent=2209"}],"wp:term":[{"taxonomy":"category","embeddable":true,"href":"https:\/\/agora.xtec.cat\/cfa-espiteus\/wp-json\/wp\/v2\/categories?post=2209"},{"taxonomy":"post_tag","embeddable":true,"href":"https:\/\/agora.xtec.cat\/cfa-espiteus\/wp-json\/wp\/v2\/tags?post=2209"}],"curies":[{"name":"wp","href":"https:\/\/api.w.org\/{rel}","templated":true}]}}