{"id":733,"date":"2020-06-03T16:56:40","date_gmt":"2020-06-03T14:56:40","guid":{"rendered":"https:\/\/agora.xtec.cat\/cfa-can-rull-sabadell\/?p=733"},"modified":"2020-06-10T13:12:37","modified_gmt":"2020-06-10T11:12:37","slug":"pla-de-reobertura-del-cfa-de-can-rull","status":"publish","type":"post","link":"https:\/\/agora.xtec.cat\/cfa-can-rull-sabadell\/general\/pla-de-reobertura-del-cfa-de-can-rull\/","title":{"rendered":"Pla de reobertura del CFA de Can Rull"},"content":{"rendered":"<p>Seguint les instruccions del Departament d\u2019Educaci\u00f3, el proper dilluns\u00a0<strong>8 de juny\u00a0<\/strong>el CFA de Can Rull tornar\u00e0 a obrir les portes.<\/p>\n<p>Entenem que la reobertura de centres es fa plenament per la vessant social i d\u2019atenci\u00f3 als alumnes amb NEE dels centres educatius i no per la vessant d\u2019ensenyament, la qual es mantindr\u00e0 amb l\u2019oferta telem\u00e0tica fins al 19 de juny, com hem anat fent al llarg d\u2019aquest darrer trimestre.<\/p>\n<p>Aquesta \u00e9s una primera passa per arribar a una nova normalitat i aix\u00f2 suposa encara l\u2019aplicaci\u00f3 de\u00a0 moltes mesures restrictives. I per aix\u00f2 us fem coneixedors del pla de reobertura del CFA de Can Rull, en el qual s\u2019adopten les mesures organitzatives i els serveis b\u00e0sics o estrat\u00e8gics per donar resposta als processos de tancament del curs 2019-2020 i de preinscripci\u00f3 per al curs 2020-2021 tenint en compte la necessitat de prevenci\u00f3 i control de la infecci\u00f3 per la CoV-19.<\/p>\n<p>&nbsp;<\/p>\n<p><strong>REQUISITS PER A L&#8217;ASSIST\u00c8NCIA AL CENTRE<\/strong><\/p>\n<p><strong>\u00a0<\/strong><\/p>\n<p>Per assistir al centre educatiu, alumnes i personal docent i no docent ha de complir els seg\u00fcents requisits:<\/p>\n<p>&nbsp;<\/p>\n<ul>\n<li>Abs\u00e8ncia de simptomatologia compatible amb la COVID-19 (febre, tos, dificultat respirat\u00f2ria, malestar, diarrea&#8230;) o amb qualsevol altre quadre infecci\u00f3s.<\/li>\n<li>No convivents o contacte estret amb positiu confirmat o simptomatologia compatible en els 14 dies anteriors.<\/li>\n<\/ul>\n<p>&nbsp;<\/p>\n<p>D\u2019acord a aquests requisits es fixen les mesures seg\u00fcents:<\/p>\n<p>Els alumnes que hagin d\u2019accedir al centre caldr\u00e0 que signin\u00a0 una\u00a0<strong>declaraci\u00f3 responsable<\/strong>\u00a0confirmant que es troben en una situaci\u00f3 d\u2019acord als punts citats anteriorment.<\/p>\n<p>Els alumnes que assisteixin al centre hauran d\u2019adoptar les mesures higi\u00e8niques pertinents (\u00fas de mascareta pr\u00f2pia, mantenir les dist\u00e0ncies de seguretat,\u00a0 guants, si cal). En cas de que no en duguin i mentre el centre en disposi se li facilitaran.<\/p>\n<p><strong>\u00a0<\/strong><\/p>\n<p><strong>Activitats d\u2019atenci\u00f3 als alumnes:<\/strong><\/p>\n<p>&nbsp;<\/p>\n<ol start=\"3\">\n<li>Les activitats lectives es continuaran fent de forma telem\u00e0tica fins al 19 de juny, data en qu\u00e8 finalitza el curs.<\/li>\n<li>De forma volunt\u00e0ria, els alumnes de qualsevol nivell o ensenyament que a petici\u00f3 pr\u00f2pia vulguin tenir una atenci\u00f3 personalitzada d\u2019un docent hauran de demanar cita amb aquest docent per tal que se\u2019ls ofereixi aquest servei. Per via telef\u00f2nica al nombre fix del centre, per whasapp o sms al m\u00f2bil o enviant un email al correu del centre que consten a la p\u00e0gina web i que hem anat posat a disposici\u00f3 de l\u2019alumnat durant tot aquest per\u00edode.<\/li>\n<li>Els alumnes que finalitzen els seus estudis amb una titulaci\u00f3 i aquells que s\u2019han de presentar a unes proves d\u2019acc\u00e9s a ensenyaments professionals, ERE o a la universitat tindran una sessi\u00f3 d\u2019atenci\u00f3 tutorial i d\u2019orientaci\u00f3 a l\u2019aula B1 del centre en un nombre no superior a 15 d \u2019acord al seg\u00fcent calendari:<\/li>\n<\/ol>\n<table class=\" aligncenter\">\n<tbody>\n<tr>\n<td style=\"width: 72.2222px;\">\n<p style=\"text-align: center;\">Horari<\/p>\n<\/td>\n<td style=\"width: 72.2222px;\">dc 10<\/td>\n<td style=\"width: 72.2222px;\">dj 11<\/td>\n<td style=\"width: 72.2222px;\">dv 12<\/td>\n<td style=\"width: 72.2222px;\">dl 15<\/td>\n<td style=\"width: 72.2222px;\">dm 16<\/td>\n<\/tr>\n<tr>\n<td style=\"width: 72.2222px;\">10-11<\/td>\n<td style=\"width: 72.2222px;\"><\/td>\n<td style=\"width: 72.2222px;\">S1<\/td>\n<td style=\"width: 72.2222px;\"><\/td>\n<td style=\"width: 72.2222px;\">ANG 3<\/td>\n<td style=\"width: 72.2222px;\"><\/td>\n<\/tr>\n<tr>\n<td style=\"width: 72.2222px;\">16-17<\/td>\n<td style=\"width: 72.2222px;\">GM<\/td>\n<td style=\"width: 72.2222px;\">S2<\/td>\n<td style=\"width: 72.2222px;\"><\/td>\n<td style=\"width: 72.2222px;\">ANG 3<\/td>\n<td style=\"width: 72.2222px;\">AU1<\/td>\n<\/tr>\n<tr>\n<td style=\"width: 72.2222px;\">19-20<\/td>\n<td style=\"width: 72.2222px;\"><\/td>\n<td style=\"width: 72.2222px;\">S3<\/td>\n<td style=\"width: 72.2222px;\">cat 3<\/td>\n<td style=\"width: 72.2222px;\"><\/td>\n<td style=\"width: 72.2222px;\">AU2<\/td>\n<\/tr>\n<\/tbody>\n<\/table>\n<p>Els alumnes de competic 3 no podran ser atesos, ja que nom\u00e9s tenien contacte amb un professor que no pot\u00a0 accedir al centre.<\/p>\n<p>Els grups de nivells instrumentals tampoc s\u00f3n convocats a cap horari ja que molt majorit\u00e0riament es tracta de persones majors de 60 anys i\/o amb malalties de risc.<\/p>\n<p>Per a les persones que accedeixin a l\u2019interior del centre, establirem vies separades d\u2019entrada i de sortida per evitar fluxos creuats: entrada pel porxo de la dreta i sortida per l\u2019altre porxo.<\/p>\n<p>Si cal utilitzar guants, hi ha al porxo de sortida una paperera amb tancament per dipositar-los.<\/p>\n<p>Despr\u00e9s de cada sessi\u00f3 d\u2019atenci\u00f3, l\u2019equip docent del centre procedir\u00e0 a netejar els mobles que s\u2019hagin utilitzat.<\/p>\n<p>&nbsp;<\/p>\n","protected":false},"excerpt":{"rendered":"<p>Seguint les instruccions del Departament d\u2019Educaci\u00f3, el proper dilluns\u00a08 de juny\u00a0el CFA de Can Rull tornar\u00e0 a obrir les portes.<br \/>\nEntenem que la reobertura de centres es fa plenament per la vessant social i d\u2019atenci\u00f3 als alumnes amb NEE dels centres educatius i no per la&hellip;  <a href=\"https:\/\/agora.xtec.cat\/cfa-can-rull-sabadell\/general\/pla-de-reobertura-del-cfa-de-can-rull\/\" title=\"Read Pla de reobertura del CFA de Can Rull\">Llegeix m\u00e9s\u00bb<\/a><\/p>\n","protected":false},"author":1,"featured_media":0,"comment_status":"open","ping_status":"closed","sticky":false,"template":"","format":"standard","meta":{"_bbp_topic_count":0,"_bbp_reply_count":0,"_bbp_total_topic_count":0,"_bbp_total_reply_count":0,"_bbp_voice_count":0,"_bbp_anonymous_reply_count":0,"_bbp_topic_count_hidden":0,"_bbp_reply_count_hidden":0,"_bbp_forum_subforum_count":0,"footnotes":""},"categories":[1,29],"tags":[],"class_list":["post-733","post","type-post","status-publish","format-standard","hentry","category-general","category-portada"],"post_mailing_queue_ids":[],"_links":{"self":[{"href":"https:\/\/agora.xtec.cat\/cfa-can-rull-sabadell\/wp-json\/wp\/v2\/posts\/733","targetHints":{"allow":["GET"]}}],"collection":[{"href":"https:\/\/agora.xtec.cat\/cfa-can-rull-sabadell\/wp-json\/wp\/v2\/posts"}],"about":[{"href":"https:\/\/agora.xtec.cat\/cfa-can-rull-sabadell\/wp-json\/wp\/v2\/types\/post"}],"author":[{"embeddable":true,"href":"https:\/\/agora.xtec.cat\/cfa-can-rull-sabadell\/wp-json\/wp\/v2\/users\/1"}],"replies":[{"embeddable":true,"href":"https:\/\/agora.xtec.cat\/cfa-can-rull-sabadell\/wp-json\/wp\/v2\/comments?post=733"}],"version-history":[{"count":3,"href":"https:\/\/agora.xtec.cat\/cfa-can-rull-sabadell\/wp-json\/wp\/v2\/posts\/733\/revisions"}],"predecessor-version":[{"id":737,"href":"https:\/\/agora.xtec.cat\/cfa-can-rull-sabadell\/wp-json\/wp\/v2\/posts\/733\/revisions\/737"}],"wp:attachment":[{"href":"https:\/\/agora.xtec.cat\/cfa-can-rull-sabadell\/wp-json\/wp\/v2\/media?parent=733"}],"wp:term":[{"taxonomy":"category","embeddable":true,"href":"https:\/\/agora.xtec.cat\/cfa-can-rull-sabadell\/wp-json\/wp\/v2\/categories?post=733"},{"taxonomy":"post_tag","embeddable":true,"href":"https:\/\/agora.xtec.cat\/cfa-can-rull-sabadell\/wp-json\/wp\/v2\/tags?post=733"}],"curies":[{"name":"wp","href":"https:\/\/api.w.org\/{rel}","templated":true}]}}