{"id":3513,"date":"2026-02-02T10:38:23","date_gmt":"2026-02-02T09:38:23","guid":{"rendered":"https:\/\/agora.xtec.cat\/cfa-can-rull-sabadell\/?p=3513"},"modified":"2026-02-02T10:38:23","modified_gmt":"2026-02-02T09:38:23","slug":"un-viatge-al-cor-de-la-historia-i-lart","status":"publish","type":"post","link":"https:\/\/agora.xtec.cat\/cfa-can-rull-sabadell\/general\/un-viatge-al-cor-de-la-historia-i-lart\/","title":{"rendered":"Un viatge al cor de la Hist\u00f2ria i l\u2019Art"},"content":{"rendered":"<p><span style=\"color: #000000; font-size: 20px;\">Sabadell est\u00e0 plena d&#8217;hist\u00f2ria i an\u00e8cdotes sovint desconegudes. En aquesta ocasi\u00f3, els <strong>alumnes del CAS (Curs de preparaci\u00f3 per a Grau Superior)<\/strong> han tingut l&#8217;oportunitat de descobrir, al <strong>Museu d&#8217;Art<\/strong> de la nostra ciutat, una gran varietat d&#8217;obres d&#8217;art de l&#8217;estil academicista d\u2019origen sabadellenc. A m\u00e9s, el recorregut ha continuat amb una mostra d&#8217;art m\u00e9s contemporani, que ens permet con\u00e8ixer com era la societat ara fa un segle a trav\u00e9s de la pintura, l&#8217;escultura, la fotografia i una instal\u00b7laci\u00f3 videogr\u00e0fica.<\/span><\/p>\n<p><img loading=\"lazy\" decoding=\"async\" class=\"size-medium wp-image-3516 alignleft\" src=\"https:\/\/agora.xtec.cat\/cfa-can-rull-sabadell\/wp-content\/uploads\/usu2059\/2026\/02\/IMG_6547-300x225.jpeg\" alt=\"\" width=\"300\" height=\"225\" srcset=\"https:\/\/agora.xtec.cat\/cfa-can-rull-sabadell\/wp-content\/uploads\/usu2059\/2026\/02\/IMG_6547-300x225.jpeg 300w, https:\/\/agora.xtec.cat\/cfa-can-rull-sabadell\/wp-content\/uploads\/usu2059\/2026\/02\/IMG_6547-200x150.jpeg 200w, https:\/\/agora.xtec.cat\/cfa-can-rull-sabadell\/wp-content\/uploads\/usu2059\/2026\/02\/IMG_6547.jpeg 640w\" sizes=\"auto, (max-width: 300px) 100vw, 300px\" \/><img loading=\"lazy\" decoding=\"async\" class=\"wp-image-3517\" src=\"https:\/\/agora.xtec.cat\/cfa-can-rull-sabadell\/wp-content\/uploads\/usu2059\/2026\/02\/IMG_6540.jpeg\" alt=\"\" width=\"302\" height=\"227\" srcset=\"https:\/\/agora.xtec.cat\/cfa-can-rull-sabadell\/wp-content\/uploads\/usu2059\/2026\/02\/IMG_6540.jpeg 640w, https:\/\/agora.xtec.cat\/cfa-can-rull-sabadell\/wp-content\/uploads\/usu2059\/2026\/02\/IMG_6540-300x225.jpeg 300w, https:\/\/agora.xtec.cat\/cfa-can-rull-sabadell\/wp-content\/uploads\/usu2059\/2026\/02\/IMG_6540-200x150.jpeg 200w\" sizes=\"auto, (max-width: 302px) 100vw, 302px\" \/><\/p>\n<p><span style=\"color: #000000; font-size: 20px;\">Finalment, hem tingut l&#8217;oportunitat d&#8217;endinsar-nos en la vida quotidiana de la burgesia sabadellenca, visitant les encisadores estances de la casa familiar de la saga dels <strong>Turull<\/strong>.<\/span><\/p>\n<p><img loading=\"lazy\" decoding=\"async\" class=\"aligncenter  wp-image-3515\" src=\"https:\/\/agora.xtec.cat\/cfa-can-rull-sabadell\/wp-content\/uploads\/usu2059\/2026\/02\/IMG_66251-rotated.jpeg\" alt=\"\" width=\"383\" height=\"511\" srcset=\"https:\/\/agora.xtec.cat\/cfa-can-rull-sabadell\/wp-content\/uploads\/usu2059\/2026\/02\/IMG_66251-rotated.jpeg 480w, https:\/\/agora.xtec.cat\/cfa-can-rull-sabadell\/wp-content\/uploads\/usu2059\/2026\/02\/IMG_66251-225x300.jpeg 225w\" sizes=\"auto, (max-width: 383px) 100vw, 383px\" \/><\/p>\n<p><span style=\"color: #000000; font-size: 20px;\">Sens dubte, una visita altament recomanable per descobrir la riquesa hist\u00f2rica i cultural de la nostra ciutat.<\/span><\/p>\n<p><img loading=\"lazy\" decoding=\"async\" class=\"aligncenter  wp-image-3514\" src=\"https:\/\/agora.xtec.cat\/cfa-can-rull-sabadell\/wp-content\/uploads\/usu2059\/2026\/02\/IMG_6648.jpeg\" alt=\"\" width=\"573\" height=\"430\" srcset=\"https:\/\/agora.xtec.cat\/cfa-can-rull-sabadell\/wp-content\/uploads\/usu2059\/2026\/02\/IMG_6648.jpeg 640w, https:\/\/agora.xtec.cat\/cfa-can-rull-sabadell\/wp-content\/uploads\/usu2059\/2026\/02\/IMG_6648-300x225.jpeg 300w, https:\/\/agora.xtec.cat\/cfa-can-rull-sabadell\/wp-content\/uploads\/usu2059\/2026\/02\/IMG_6648-200x150.jpeg 200w\" sizes=\"auto, (max-width: 573px) 100vw, 573px\" \/><\/p>\n","protected":false},"excerpt":{"rendered":"<p>Sabadell est\u00e0 plena d&#8217;hist\u00f2ria i an\u00e8cdotes sovint desconegudes. En aquesta ocasi\u00f3, els alumnes del CAS (Curs de preparaci\u00f3 per a Grau Superior) han tingut l&#8217;oportunitat de descobrir, al Museu d&#8217;Art de la nostra ciutat, una gran varietat d&#8217;obres d&#8217;art de l&#8217;estil academicista d\u2019origen sabadellenc. A&hellip;  <a href=\"https:\/\/agora.xtec.cat\/cfa-can-rull-sabadell\/general\/un-viatge-al-cor-de-la-historia-i-lart\/\" title=\"Read Un viatge al cor de la Hist\u00f2ria i l\u2019Art\">Llegeix m\u00e9s\u00bb<\/a><\/p>\n","protected":false},"author":1,"featured_media":0,"comment_status":"closed","ping_status":"open","sticky":false,"template":"","format":"standard","meta":{"_bbp_topic_count":0,"_bbp_reply_count":0,"_bbp_total_topic_count":0,"_bbp_total_reply_count":0,"_bbp_voice_count":0,"_bbp_anonymous_reply_count":0,"_bbp_topic_count_hidden":0,"_bbp_reply_count_hidden":0,"_bbp_forum_subforum_count":0,"footnotes":""},"categories":[1],"tags":[],"class_list":["post-3513","post","type-post","status-publish","format-standard","hentry","category-general"],"post_mailing_queue_ids":[],"_links":{"self":[{"href":"https:\/\/agora.xtec.cat\/cfa-can-rull-sabadell\/wp-json\/wp\/v2\/posts\/3513","targetHints":{"allow":["GET"]}}],"collection":[{"href":"https:\/\/agora.xtec.cat\/cfa-can-rull-sabadell\/wp-json\/wp\/v2\/posts"}],"about":[{"href":"https:\/\/agora.xtec.cat\/cfa-can-rull-sabadell\/wp-json\/wp\/v2\/types\/post"}],"author":[{"embeddable":true,"href":"https:\/\/agora.xtec.cat\/cfa-can-rull-sabadell\/wp-json\/wp\/v2\/users\/1"}],"replies":[{"embeddable":true,"href":"https:\/\/agora.xtec.cat\/cfa-can-rull-sabadell\/wp-json\/wp\/v2\/comments?post=3513"}],"version-history":[{"count":5,"href":"https:\/\/agora.xtec.cat\/cfa-can-rull-sabadell\/wp-json\/wp\/v2\/posts\/3513\/revisions"}],"predecessor-version":[{"id":3522,"href":"https:\/\/agora.xtec.cat\/cfa-can-rull-sabadell\/wp-json\/wp\/v2\/posts\/3513\/revisions\/3522"}],"wp:attachment":[{"href":"https:\/\/agora.xtec.cat\/cfa-can-rull-sabadell\/wp-json\/wp\/v2\/media?parent=3513"}],"wp:term":[{"taxonomy":"category","embeddable":true,"href":"https:\/\/agora.xtec.cat\/cfa-can-rull-sabadell\/wp-json\/wp\/v2\/categories?post=3513"},{"taxonomy":"post_tag","embeddable":true,"href":"https:\/\/agora.xtec.cat\/cfa-can-rull-sabadell\/wp-json\/wp\/v2\/tags?post=3513"}],"curies":[{"name":"wp","href":"https:\/\/api.w.org\/{rel}","templated":true}]}}