{"id":2611,"date":"2023-11-24T08:36:38","date_gmt":"2023-11-24T07:36:38","guid":{"rendered":"https:\/\/agora.xtec.cat\/cfa-can-rull-sabadell\/?p=2611"},"modified":"2023-11-28T16:54:53","modified_gmt":"2023-11-28T15:54:53","slug":"resultats-eleccions-al-consell-escolar","status":"publish","type":"post","link":"https:\/\/agora.xtec.cat\/cfa-can-rull-sabadell\/general\/resultats-eleccions-al-consell-escolar\/","title":{"rendered":"Resultats eleccions al Consell Escolar"},"content":{"rendered":"<p>El dimarts 21 de novembre es va convocar el dia d&#8217;elecci\u00f3 dels representants de l&#8217;alumnat al Consell Escolar.<\/p>\n\n\t\t<style type=\"text\/css\">\n\t\t\t#gallery-1 {\n\t\t\t\tmargin: auto;\n\t\t\t}\n\t\t\t#gallery-1 .gallery-item {\n\t\t\t\tfloat: left;\n\t\t\t\tmargin-top: 10px;\n\t\t\t\ttext-align: center;\n\t\t\t\twidth: 25%;\n\t\t\t}\n\t\t\t#gallery-1 img {\n\t\t\t\tborder: 2px solid #cfcfcf;\n\t\t\t}\n\t\t\t#gallery-1 .gallery-caption {\n\t\t\t\tmargin-left: 0;\n\t\t\t}\n\t\t\t\/* see gallery_shortcode() in wp-includes\/media.php *\/\n\t\t<\/style>\n\t\t<div id='gallery-1' class='gallery galleryid-2611 gallery-columns-4 gallery-size-thumbnail'><dl class='gallery-item'>\n\t\t\t<dt class='gallery-icon landscape'>\n\t\t\t\t<a href='https:\/\/agora.xtec.cat\/cfa-can-rull-sabadell\/wp-content\/uploads\/usu2059\/2023\/11\/Captura-de-pantalla-2023-11-23-a-las-17.32.55.png'><img loading=\"lazy\" decoding=\"async\" width=\"150\" height=\"150\" src=\"https:\/\/agora.xtec.cat\/cfa-can-rull-sabadell\/wp-content\/uploads\/usu2059\/2023\/11\/Captura-de-pantalla-2023-11-23-a-las-17.32.55-150x150.png\" class=\"attachment-thumbnail size-thumbnail\" alt=\"\" \/><\/a>\n\t\t\t<\/dt><\/dl><dl class='gallery-item'>\n\t\t\t<dt class='gallery-icon landscape'>\n\t\t\t\t<a href='https:\/\/agora.xtec.cat\/cfa-can-rull-sabadell\/wp-content\/uploads\/usu2059\/2023\/11\/Captura-de-pantalla-2023-11-23-a-las-17.32.15.png'><img loading=\"lazy\" decoding=\"async\" width=\"150\" height=\"150\" src=\"https:\/\/agora.xtec.cat\/cfa-can-rull-sabadell\/wp-content\/uploads\/usu2059\/2023\/11\/Captura-de-pantalla-2023-11-23-a-las-17.32.15-150x150.png\" class=\"attachment-thumbnail size-thumbnail\" alt=\"\" \/><\/a>\n\t\t\t<\/dt><\/dl><dl class='gallery-item'>\n\t\t\t<dt class='gallery-icon landscape'>\n\t\t\t\t<a href='https:\/\/agora.xtec.cat\/cfa-can-rull-sabadell\/wp-content\/uploads\/usu2059\/2023\/11\/Captura-de-pantalla-2023-11-23-a-las-17.32.32.png'><img loading=\"lazy\" decoding=\"async\" width=\"150\" height=\"150\" src=\"https:\/\/agora.xtec.cat\/cfa-can-rull-sabadell\/wp-content\/uploads\/usu2059\/2023\/11\/Captura-de-pantalla-2023-11-23-a-las-17.32.32-150x150.png\" class=\"attachment-thumbnail size-thumbnail\" alt=\"\" \/><\/a>\n\t\t\t<\/dt><\/dl><dl class='gallery-item'>\n\t\t\t<dt class='gallery-icon landscape'>\n\t\t\t\t<a href='https:\/\/agora.xtec.cat\/cfa-can-rull-sabadell\/wp-content\/uploads\/usu2059\/2023\/11\/Captura-de-pantalla-2023-11-23-a-las-17.31.44-1.png'><img loading=\"lazy\" decoding=\"async\" width=\"150\" height=\"150\" src=\"https:\/\/agora.xtec.cat\/cfa-can-rull-sabadell\/wp-content\/uploads\/usu2059\/2023\/11\/Captura-de-pantalla-2023-11-23-a-las-17.31.44-1-150x150.png\" class=\"attachment-thumbnail size-thumbnail\" alt=\"\" \/><\/a>\n\t\t\t<\/dt><\/dl><br style=\"clear: both\" \/>\n\t\t<\/div>\n\n<p>Un cop fet l&#8217;escrutini p\u00fablic dels vots de les tres meses electorals, el resultat va ser el seg\u00fcent:<\/p>\n<p style=\"text-align: center;\"><strong>Vots emesos:<\/strong> 215 \u00a0 \u00a0 \u00a0 \u00a0 \u00a0 \u00a0 \u00a0<strong>Vots nuls:<\/strong> 0 \u00a0 \u00a0 \u00a0 \u00a0 \u00a0 \u00a0 \u00a0 \u00a0<strong>Vots en blanc:<\/strong> 2<\/p>\n<p>Les candidatures van obtenir els vots seg\u00fcents:<\/p>\n<ul style=\"list-style-type: disc;\">\n<li>Francina Bastardas Pla:\u00a0 <strong>65 vots<\/strong><\/li>\n<li>Khady Thiam:\u00a0\u00a0\u00a0\u00a0\u00a0\u00a0\u00a0\u00a0\u00a0\u00a0\u00a0\u00a0\u00a0\u00a0\u00a0\u00a0\u00a0 <strong>58 vots<\/strong><\/li>\n<li>\u00c1ngel Ruiz Montenegro:\u00a0 <strong>55 vots<\/strong><\/li>\n<li>Estrella Zurita Tamurejo:\u00a0 <strong>37 vots<\/strong><\/li>\n<\/ul>\n<p>Com a conseq\u00fc\u00e8ncia, s\u00f3n proclamats representants del sector de l&#8217;alumnat al Consell Escolar:<\/p>\n<ul>\n<li><strong>Francina Bastardas Pla<\/strong><\/li>\n<li><strong>Khady Thiam<\/strong><\/li>\n<li><strong>\u00c1ngel Ruiz Montenegro<\/strong><\/li>\n<\/ul>\n<p>Agra\u00efm la participaci\u00f3 de tots els que vau votar i especialment als candidats els donem l&#8217;enhorabona pels resultats obtinguts.<\/p>\n","protected":false},"excerpt":{"rendered":"<p>El dimarts 21 de novembre es va convocar el dia d&#8217;elecci\u00f3 dels representants de l&#8217;alumnat al Consell Escolar.<\/p>\n<p>\t\t\t#gallery-2 {<br \/>\n\t\t\t\tmargin: auto;<br \/>\n\t\t\t}<br \/>\n\t\t\t#gallery-2 .gallery-item {<br \/>\n\t\t\t\tfloat: left;<br \/>\n\t\t\t\tmargin-top: 10px;<br \/>\n\t\t\t\ttext-align: center;<br \/>\n\t\t\t\twidth: 25%;<br \/>\n\t\t\t}<br \/>\n\t\t\t#gallery-2 img {<br \/>\n\t\t\t\tborder: 2px solid #cfcfcf;<br \/>\n\t\t\t}<br \/>\n\t\t\t#gallery-2 .gallery-caption {<br \/>\n\t\t\t\tmargin-left: 0;<br \/>\n\t\t\t}<br \/>\n\t\t\t\/* see gallery_shortcode() in wp-includes\/media.php *\/<\/p>\n<p>\t\t\t\t<a href='https:\/\/agora.xtec.cat\/cfa-can-rull-sabadell\/wp-content\/uploads\/usu2059\/2023\/11\/Captura-de-pantalla-2023-11-23-a-las-17.32.32.png'><\/a><\/p>\n<p>\t\t\t\t<a href='https:\/\/agora.xtec.cat\/cfa-can-rull-sabadell\/wp-content\/uploads\/usu2059\/2023\/11\/Captura-de-pantalla-2023-11-23-a-las-17.31.44-1.png'><\/a><\/p>\n<p>\t\t\t\t<a href='https:\/\/agora.xtec.cat\/cfa-can-rull-sabadell\/wp-content\/uploads\/usu2059\/2023\/11\/Captura-de-pantalla-2023-11-23-a-las-17.32.55.png'><\/a><\/p>\n<p>\t\t\t\t<a href='https:\/\/agora.xtec.cat\/cfa-can-rull-sabadell\/wp-content\/uploads\/usu2059\/2023\/11\/Captura-de-pantalla-2023-11-23-a-las-17.32.15.png'><\/a><\/p>\n<p>Un cop fet&hellip;  <a href=\"https:\/\/agora.xtec.cat\/cfa-can-rull-sabadell\/general\/resultats-eleccions-al-consell-escolar\/\" title=\"Read Resultats eleccions al Consell Escolar\">Llegeix m\u00e9s\u00bb<\/a><\/p>\n","protected":false},"author":1,"featured_media":0,"comment_status":"closed","ping_status":"closed","sticky":false,"template":"","format":"standard","meta":{"_bbp_topic_count":0,"_bbp_reply_count":0,"_bbp_total_topic_count":0,"_bbp_total_reply_count":0,"_bbp_voice_count":0,"_bbp_anonymous_reply_count":0,"_bbp_topic_count_hidden":0,"_bbp_reply_count_hidden":0,"_bbp_forum_subforum_count":0,"footnotes":""},"categories":[1],"tags":[],"class_list":["post-2611","post","type-post","status-publish","format-standard","hentry","category-general"],"post_mailing_queue_ids":[],"_links":{"self":[{"href":"https:\/\/agora.xtec.cat\/cfa-can-rull-sabadell\/wp-json\/wp\/v2\/posts\/2611","targetHints":{"allow":["GET"]}}],"collection":[{"href":"https:\/\/agora.xtec.cat\/cfa-can-rull-sabadell\/wp-json\/wp\/v2\/posts"}],"about":[{"href":"https:\/\/agora.xtec.cat\/cfa-can-rull-sabadell\/wp-json\/wp\/v2\/types\/post"}],"author":[{"embeddable":true,"href":"https:\/\/agora.xtec.cat\/cfa-can-rull-sabadell\/wp-json\/wp\/v2\/users\/1"}],"replies":[{"embeddable":true,"href":"https:\/\/agora.xtec.cat\/cfa-can-rull-sabadell\/wp-json\/wp\/v2\/comments?post=2611"}],"version-history":[{"count":6,"href":"https:\/\/agora.xtec.cat\/cfa-can-rull-sabadell\/wp-json\/wp\/v2\/posts\/2611\/revisions"}],"predecessor-version":[{"id":2670,"href":"https:\/\/agora.xtec.cat\/cfa-can-rull-sabadell\/wp-json\/wp\/v2\/posts\/2611\/revisions\/2670"}],"wp:attachment":[{"href":"https:\/\/agora.xtec.cat\/cfa-can-rull-sabadell\/wp-json\/wp\/v2\/media?parent=2611"}],"wp:term":[{"taxonomy":"category","embeddable":true,"href":"https:\/\/agora.xtec.cat\/cfa-can-rull-sabadell\/wp-json\/wp\/v2\/categories?post=2611"},{"taxonomy":"post_tag","embeddable":true,"href":"https:\/\/agora.xtec.cat\/cfa-can-rull-sabadell\/wp-json\/wp\/v2\/tags?post=2611"}],"curies":[{"name":"wp","href":"https:\/\/api.w.org\/{rel}","templated":true}]}}