{"id":11627,"date":"2021-06-30T13:08:52","date_gmt":"2021-06-30T11:08:52","guid":{"rendered":"http:\/\/agora.xtec.cat\/cesire_historic\/\/?p=11627"},"modified":"2021-06-30T13:10:11","modified_gmt":"2021-06-30T11:10:11","slug":"mencio-dhonor-a-nanorobots-nanoinventum","status":"publish","type":"post","link":"https:\/\/agora.xtec.cat\/cesire_historic\/portada\/mencio-dhonor-a-nanorobots-nanoinventum\/","title":{"rendered":"Menci\u00f3 d&#8217;Honor a &#8220;Nanorobots Nanoinventum&#8221;"},"content":{"rendered":"<p><a href=\"https:\/\/agora.xtec.cat\/cesire_historic\/\/wp-content\/uploads\/usu397\/2021\/06\/nano.jpg\"><img loading=\"lazy\" decoding=\"async\" class=\"wp-image-11630 aligncenter\" src=\"https:\/\/agora.xtec.cat\/cesire_historic\/\/wp-content\/uploads\/usu397\/2021\/06\/nano.jpg\" alt=\"\" width=\"281\" height=\"281\" \/><\/a>El jurat de l&#8217;edici\u00f3 22 de <em>Ciencia en Acci\u00f3n<\/em> ha atorgat una <strong>Menci\u00f3 d&#8217;Honor al treball \u201cNanorobots Nanoinventum<\/strong><strong>\u201d<\/strong>, de Jordi D\u00edaz de Centres Cient\u00edfics i Tecnol\u00f2gics de la Universitat de Barcelona. Aquest programa, fet amb la col\u00b7laboraci\u00f3 del Cesire, acosta la Nanotecnologia a les aules de prim\u00e0ria, desenvolupant la creativitat de l&#8217;alumnat a l&#8217;hora d&#8217;inventar nanorobots que imitin la natura.<\/p>\n<p>#STEAMcat<\/p>\n<p>&nbsp;<\/p>\n","protected":false},"excerpt":{"rendered":"<p><a href=\"https:\/\/agora.xtec.cat\/cesire_historic\/\/wp-content\/uploads\/usu397\/2021\/06\/nano.jpg\"><\/a>El jurat de l&#8217;edici\u00f3 22 de Ciencia en Acci\u00f3n ha atorgat una Menci\u00f3 d&#8217;Honor al treball \u201cNanorobots Nanoinventum\u201d, de Jordi D\u00edaz de Centres Cient\u00edfics i Tecnol\u00f2gics de la Universitat de Barcelona. Aquest programa, fet amb la col\u00b7laboraci\u00f3 del Cesire, acosta la Nanotecnologia a les&hellip;  <a href=\"https:\/\/agora.xtec.cat\/cesire_historic\/portada\/mencio-dhonor-a-nanorobots-nanoinventum\/\" title=\"Read Menci\u00f3 d&#8217;Honor a &#8220;Nanorobots Nanoinventum&#8221;\">Llegeix m\u00e9s\u00bb<\/a><\/p>\n","protected":false},"author":239,"featured_media":11630,"comment_status":"closed","ping_status":"closed","sticky":false,"template":"","format":"standard","meta":{"_bbp_topic_count":0,"_bbp_reply_count":0,"_bbp_total_topic_count":0,"_bbp_total_reply_count":0,"_bbp_voice_count":0,"_bbp_anonymous_reply_count":0,"_bbp_topic_count_hidden":0,"_bbp_reply_count_hidden":0,"_bbp_forum_subforum_count":0,"footnotes":""},"categories":[291,29,294],"tags":[665,553,204,638],"class_list":["post-11627","post","type-post","status-publish","format-standard","has-post-thumbnail","hentry","category-ciencies","category-portada","category-social","tag-ciencies","tag-comunicacio","tag-primaria","tag-steamcat"],"post_mailing_queue_ids":[],"_links":{"self":[{"href":"https:\/\/agora.xtec.cat\/cesire_historic\/wp-json\/wp\/v2\/posts\/11627","targetHints":{"allow":["GET"]}}],"collection":[{"href":"https:\/\/agora.xtec.cat\/cesire_historic\/wp-json\/wp\/v2\/posts"}],"about":[{"href":"https:\/\/agora.xtec.cat\/cesire_historic\/wp-json\/wp\/v2\/types\/post"}],"author":[{"embeddable":true,"href":"https:\/\/agora.xtec.cat\/cesire_historic\/wp-json\/wp\/v2\/users\/239"}],"replies":[{"embeddable":true,"href":"https:\/\/agora.xtec.cat\/cesire_historic\/wp-json\/wp\/v2\/comments?post=11627"}],"version-history":[{"count":3,"href":"https:\/\/agora.xtec.cat\/cesire_historic\/wp-json\/wp\/v2\/posts\/11627\/revisions"}],"predecessor-version":[{"id":11632,"href":"https:\/\/agora.xtec.cat\/cesire_historic\/wp-json\/wp\/v2\/posts\/11627\/revisions\/11632"}],"wp:featuredmedia":[{"embeddable":true,"href":"https:\/\/agora.xtec.cat\/cesire_historic\/wp-json\/wp\/v2\/media\/11630"}],"wp:attachment":[{"href":"https:\/\/agora.xtec.cat\/cesire_historic\/wp-json\/wp\/v2\/media?parent=11627"}],"wp:term":[{"taxonomy":"category","embeddable":true,"href":"https:\/\/agora.xtec.cat\/cesire_historic\/wp-json\/wp\/v2\/categories?post=11627"},{"taxonomy":"post_tag","embeddable":true,"href":"https:\/\/agora.xtec.cat\/cesire_historic\/wp-json\/wp\/v2\/tags?post=11627"}],"curies":[{"name":"wp","href":"https:\/\/api.w.org\/{rel}","templated":true}]}}