{"id":9949,"date":"2024-05-09T21:51:40","date_gmt":"2024-05-09T19:51:40","guid":{"rendered":"https:\/\/agora.xtec.cat\/ceipvistaalegre\/?p=9949"},"modified":"2024-05-09T21:51:40","modified_gmt":"2024-05-09T19:51:40","slug":"colonies-2023-2024","status":"publish","type":"post","link":"https:\/\/agora.xtec.cat\/ceipvistaalegre\/infantil\/infantil-5-anys\/colonies-2023-2024\/","title":{"rendered":"COL\u00d2NIES 2023-2024"},"content":{"rendered":"<p>Les girafes hem anat de col\u00f2nies a Aiguafreda, a la LLobeta. La tem\u00e0tica d\u2019aquesta casa \u00e9s el circ i amb la seva protagonista, la hipop\u00f2tam Noa, hem superat molts reptes i hem practicat moltes activitats del circ, com: el trapezi, els malabars, l\u2019equilibri i la m\u00e0gia.<\/p>\n<p>Ha estat molt divertit i ens ho hem passat s\u00faper, s\u00faper b\u00e9.<\/p>\n<p><a href=\"https:\/\/agora.xtec.cat\/ceipvistaalegre\/wp-content\/uploads\/usu1936\/2024\/05\/IMG-20240508-WA0010.jpg\"><img loading=\"lazy\" decoding=\"async\" class=\"alignnone  wp-image-9960\" src=\"https:\/\/agora.xtec.cat\/ceipvistaalegre\/wp-content\/uploads\/usu1936\/2024\/05\/IMG-20240508-WA0010-1024x1024.jpg\" alt=\"\" width=\"615\" height=\"615\" srcset=\"https:\/\/agora.xtec.cat\/ceipvistaalegre\/wp-content\/uploads\/usu1936\/2024\/05\/IMG-20240508-WA0010-1024x1024.jpg 1024w, https:\/\/agora.xtec.cat\/ceipvistaalegre\/wp-content\/uploads\/usu1936\/2024\/05\/IMG-20240508-WA0010-300x300.jpg 300w, https:\/\/agora.xtec.cat\/ceipvistaalegre\/wp-content\/uploads\/usu1936\/2024\/05\/IMG-20240508-WA0010-150x150.jpg 150w, https:\/\/agora.xtec.cat\/ceipvistaalegre\/wp-content\/uploads\/usu1936\/2024\/05\/IMG-20240508-WA0010-768x768.jpg 768w, https:\/\/agora.xtec.cat\/ceipvistaalegre\/wp-content\/uploads\/usu1936\/2024\/05\/IMG-20240508-WA0010.jpg 1080w\" sizes=\"auto, (max-width: 615px) 100vw, 615px\" \/><\/a><\/p>\n<p>&nbsp;<\/p>\n<p>&nbsp;<\/p>\n","protected":false},"excerpt":{"rendered":"<p>Les girafes hem anat de col\u00f2nies a Aiguafreda, a la LLobeta. La tem\u00e0tica d\u2019aquesta casa \u00e9s el circ i amb la seva protagonista, la hipop\u00f2tam Noa, hem superat molts reptes i hem practicat moltes activitats del circ, com: el trapezi, els malabars, l\u2019equilibri i la&hellip;  <a href=\"https:\/\/agora.xtec.cat\/ceipvistaalegre\/infantil\/infantil-5-anys\/colonies-2023-2024\/\" title=\"Read COL\u00d2NIES 2023-2024\">Llegeix m\u00e9s\u00bb<\/a><\/p>\n","protected":false},"author":15,"featured_media":0,"comment_status":"open","ping_status":"closed","sticky":false,"template":"","format":"standard","meta":{"_bbp_topic_count":0,"_bbp_reply_count":0,"_bbp_total_topic_count":0,"_bbp_total_reply_count":0,"_bbp_voice_count":0,"_bbp_anonymous_reply_count":0,"_bbp_topic_count_hidden":0,"_bbp_reply_count_hidden":0,"_bbp_forum_subforum_count":0,"footnotes":""},"categories":[225],"tags":[],"class_list":["post-9949","post","type-post","status-publish","format-standard","hentry","category-infantil-5-anys"],"post_mailing_queue_ids":[],"_links":{"self":[{"href":"https:\/\/agora.xtec.cat\/ceipvistaalegre\/wp-json\/wp\/v2\/posts\/9949","targetHints":{"allow":["GET"]}}],"collection":[{"href":"https:\/\/agora.xtec.cat\/ceipvistaalegre\/wp-json\/wp\/v2\/posts"}],"about":[{"href":"https:\/\/agora.xtec.cat\/ceipvistaalegre\/wp-json\/wp\/v2\/types\/post"}],"author":[{"embeddable":true,"href":"https:\/\/agora.xtec.cat\/ceipvistaalegre\/wp-json\/wp\/v2\/users\/15"}],"replies":[{"embeddable":true,"href":"https:\/\/agora.xtec.cat\/ceipvistaalegre\/wp-json\/wp\/v2\/comments?post=9949"}],"version-history":[{"count":3,"href":"https:\/\/agora.xtec.cat\/ceipvistaalegre\/wp-json\/wp\/v2\/posts\/9949\/revisions"}],"predecessor-version":[{"id":9961,"href":"https:\/\/agora.xtec.cat\/ceipvistaalegre\/wp-json\/wp\/v2\/posts\/9949\/revisions\/9961"}],"wp:attachment":[{"href":"https:\/\/agora.xtec.cat\/ceipvistaalegre\/wp-json\/wp\/v2\/media?parent=9949"}],"wp:term":[{"taxonomy":"category","embeddable":true,"href":"https:\/\/agora.xtec.cat\/ceipvistaalegre\/wp-json\/wp\/v2\/categories?post=9949"},{"taxonomy":"post_tag","embeddable":true,"href":"https:\/\/agora.xtec.cat\/ceipvistaalegre\/wp-json\/wp\/v2\/tags?post=9949"}],"curies":[{"name":"wp","href":"https:\/\/api.w.org\/{rel}","templated":true}]}}