{"id":9942,"date":"2024-05-16T20:57:48","date_gmt":"2024-05-16T18:57:48","guid":{"rendered":"https:\/\/agora.xtec.cat\/ceipvistaalegre\/?p=9942"},"modified":"2024-05-16T21:00:09","modified_gmt":"2024-05-16T19:00:09","slug":"com-soc-jo-iii","status":"publish","type":"post","link":"https:\/\/agora.xtec.cat\/ceipvistaalegre\/infantil\/infantil-3-anys\/com-soc-jo-iii\/","title":{"rendered":"Com s\u00f3c jo? III"},"content":{"rendered":"<p><a href=\"https:\/\/agora.xtec.cat\/ceipvistaalegre\/infantil\/infantil-3-anys\/com-soc-jo-iii\/attachment\/photo-output-14-1\/\" rel=\"attachment wp-att-9943\"><img loading=\"lazy\" decoding=\"async\" class=\"aligncenter size-full wp-image-9943\" src=\"https:\/\/agora.xtec.cat\/ceipvistaalegre\/wp-content\/uploads\/usu1936\/2024\/05\/photo-output-14-1-scaled.jpg\" alt=\"\" width=\"2560\" height=\"2560\" srcset=\"https:\/\/agora.xtec.cat\/ceipvistaalegre\/wp-content\/uploads\/usu1936\/2024\/05\/photo-output-14-1-scaled.jpg 2560w, https:\/\/agora.xtec.cat\/ceipvistaalegre\/wp-content\/uploads\/usu1936\/2024\/05\/photo-output-14-1-300x300.jpg 300w, https:\/\/agora.xtec.cat\/ceipvistaalegre\/wp-content\/uploads\/usu1936\/2024\/05\/photo-output-14-1-1024x1024.jpg 1024w, https:\/\/agora.xtec.cat\/ceipvistaalegre\/wp-content\/uploads\/usu1936\/2024\/05\/photo-output-14-1-150x150.jpg 150w, https:\/\/agora.xtec.cat\/ceipvistaalegre\/wp-content\/uploads\/usu1936\/2024\/05\/photo-output-14-1-768x768.jpg 768w, https:\/\/agora.xtec.cat\/ceipvistaalegre\/wp-content\/uploads\/usu1936\/2024\/05\/photo-output-14-1-1536x1536.jpg 1536w, https:\/\/agora.xtec.cat\/ceipvistaalegre\/wp-content\/uploads\/usu1936\/2024\/05\/photo-output-14-1-2048x2048.jpg 2048w\" sizes=\"auto, (max-width: 2560px) 100vw, 2560px\" \/><\/a><\/p>\n<p>Al llarg del mes de mar\u00e7 i de l&#8217;abril aquests han estat els protagonistes de la setmana:<\/p>\n<ul style=\"list-style-type: circle;\">\n<li><em><strong>El Yeray<\/strong><\/em>: li agrada jugar amb les motos i anar al parc a fer carreres. La pizza \u00e9s el seu menjar preferit. Li agrada que li expliquin contes de dinosaures. T\u00e9 un germ\u00e0 que es diu Dylan.<\/li>\n<li><em><strong>L&#8217;Alex:\u00a0<\/strong><\/em>est\u00e0 entusiasmat amb els dibuixos de la &#8220;patrulla canina&#8221;. Per menjar li agraden molts plats, per\u00f2 el seu preferit s\u00f3n els &#8220;nuggets&#8221; de peix amb patates fregides. Li encanta mirar contes i que la mare li llegeixi els tres porquets. Per jugar, els camions s\u00f3n la seva joguina preferida.<\/li>\n<li><strong><em>La Roma: <\/em><\/strong>juga molt amb la seva cosina Lia. Els espaguetis s\u00f3n el seu plat preferit. Tamb\u00e9 li agraden molt els contes, tant mirar-los com que li expliquin els pares, A qu\u00e8 fa gust la lluna? i el Monstre de colors s\u00f3n els seus preferits.<\/li>\n<li><em><strong>El Liam: <\/strong><\/em>t\u00e9 dues mascotes, un gat i un peixet, amb les que passa moltes estones. Per jugar prefereix fer-ho amb el seu germ\u00e0\u00a0 Alan, sobretot a motos i cotxes. Tamb\u00e9 li agrada jugar a nines i llegir molts contes com: el Patufet i els tres porquets. Els seus dibuixos preferits s\u00f3n El llamp &#8220;McQueen&#8221;.<\/li>\n<li><strong><em>La Tasneem:\u00a0<\/em><\/strong>t\u00e9 dos germans m\u00e9s grans que tamb\u00e9 venen a l&#8217;escola. Li agrada anar a jugar al parc amb ells i els seus pares. Per menjar li encanta el cous &#8211; cous que fa la seva mare. Li agrada dibuixar molt i la seva germana sempre l&#8217;ajuda.<\/li>\n<\/ul>\n","protected":false},"excerpt":{"rendered":"<p><a href=\"https:\/\/agora.xtec.cat\/ceipvistaalegre\/infantil\/infantil-3-anys\/com-soc-jo-iii\/attachment\/photo-output-14-1\/\" rel=\"attachment wp-att-9943\"><\/a><br \/>\nAl llarg del mes de mar\u00e7 i de l&#8217;abril aquests han estat els protagonistes de la setmana:<\/p>\n<ul style=\"list-style-type: circle;\">\n<li>El Yeray: li agrada jugar amb les motos i anar al parc a fer carreres. La pizza \u00e9s el seu menjar preferit. Li agrada&hellip;  <a href=\"https:\/\/agora.xtec.cat\/ceipvistaalegre\/infantil\/infantil-3-anys\/com-soc-jo-iii\/\" title=\"Read Com s\u00f3c jo? III\">Llegeix m\u00e9s\u00bb<\/a><br \/>\n","protected":false},"author":4,"featured_media":0,"comment_status":"open","ping_status":"closed","sticky":false,"template":"","format":"standard","meta":{"_bbp_topic_count":0,"_bbp_reply_count":0,"_bbp_total_topic_count":0,"_bbp_total_reply_count":0,"_bbp_voice_count":0,"_bbp_anonymous_reply_count":0,"_bbp_topic_count_hidden":0,"_bbp_reply_count_hidden":0,"_bbp_forum_subforum_count":0,"footnotes":""},"categories":[3],"tags":[307,308,122],"class_list":["post-9942","post","type-post","status-publish","format-standard","hentry","category-infantil-3-anys","tag-descoberta-dun-mateix","tag-projecte-com-soc-jo","tag-projectes"],"post_mailing_queue_ids":[],"_links":{"self":[{"href":"https:\/\/agora.xtec.cat\/ceipvistaalegre\/wp-json\/wp\/v2\/posts\/9942","targetHints":{"allow":["GET"]}}],"collection":[{"href":"https:\/\/agora.xtec.cat\/ceipvistaalegre\/wp-json\/wp\/v2\/posts"}],"about":[{"href":"https:\/\/agora.xtec.cat\/ceipvistaalegre\/wp-json\/wp\/v2\/types\/post"}],"author":[{"embeddable":true,"href":"https:\/\/agora.xtec.cat\/ceipvistaalegre\/wp-json\/wp\/v2\/users\/4"}],"replies":[{"embeddable":true,"href":"https:\/\/agora.xtec.cat\/ceipvistaalegre\/wp-json\/wp\/v2\/comments?post=9942"}],"version-history":[{"count":6,"href":"https:\/\/agora.xtec.cat\/ceipvistaalegre\/wp-json\/wp\/v2\/posts\/9942\/revisions"}],"predecessor-version":[{"id":9999,"href":"https:\/\/agora.xtec.cat\/ceipvistaalegre\/wp-json\/wp\/v2\/posts\/9942\/revisions\/9999"}],"wp:attachment":[{"href":"https:\/\/agora.xtec.cat\/ceipvistaalegre\/wp-json\/wp\/v2\/media?parent=9942"}],"wp:term":[{"taxonomy":"category","embeddable":true,"href":"https:\/\/agora.xtec.cat\/ceipvistaalegre\/wp-json\/wp\/v2\/categories?post=9942"},{"taxonomy":"post_tag","embeddable":true,"href":"https:\/\/agora.xtec.cat\/ceipvistaalegre\/wp-json\/wp\/v2\/tags?post=9942"}],"curies":[{"name":"wp","href":"https:\/\/api.w.org\/{rel}","templated":true}]}}