{"id":9910,"date":"2024-05-01T08:27:58","date_gmt":"2024-05-01T06:27:58","guid":{"rendered":"https:\/\/agora.xtec.cat\/ceipvistaalegre\/?p=9910"},"modified":"2024-05-01T08:27:58","modified_gmt":"2024-05-01T06:27:58","slug":"adeu-isabel","status":"publish","type":"post","link":"https:\/\/agora.xtec.cat\/ceipvistaalegre\/general\/adeu-isabel\/","title":{"rendered":"Adeu, Isabel"},"content":{"rendered":"<p>Ens hem acomiadat de la Isabel, la nostra conserge, que despr\u00e9s de 12 anys al Vista Alegre, li ha arribat l&#8217;hora de jubilar-se. Per aix\u00f2, nens i nenes, mestres, personal del centre i una representaci\u00f3 de les fam\u00edlies, li hem dedicat un petit acte de comiat en el que li hem volgut agrair la seva estima i dedicaci\u00f3.<\/p>\n<p>Des d&#8217;aqu\u00ed volem felicitar a la Isabel per la seva nova etapa i agrair el seu treball, esfor\u00e7 i ajuda en tot aquest temps. Li volem desitjar el millor! Bona sort, bona vida i bona lectura!<\/p>\n<p>Vistalegrina per sempre! \ud83d\udc9a\ud83d\udc09<\/p>\n<p><a href=\"https:\/\/agora.xtec.cat\/ceipvistaalegre\/wp-content\/uploads\/usu1936\/2024\/05\/IMG-20240430-WA0043.jpg\"><img loading=\"lazy\" decoding=\"async\" class=\"aligncenter wp-image-9911 size-medium\" src=\"https:\/\/agora.xtec.cat\/ceipvistaalegre\/wp-content\/uploads\/usu1936\/2024\/05\/IMG-20240430-WA0043-225x300.jpg\" alt=\"\" width=\"225\" height=\"300\" srcset=\"https:\/\/agora.xtec.cat\/ceipvistaalegre\/wp-content\/uploads\/usu1936\/2024\/05\/IMG-20240430-WA0043-225x300.jpg 225w, https:\/\/agora.xtec.cat\/ceipvistaalegre\/wp-content\/uploads\/usu1936\/2024\/05\/IMG-20240430-WA0043-768x1024.jpg 768w, https:\/\/agora.xtec.cat\/ceipvistaalegre\/wp-content\/uploads\/usu1936\/2024\/05\/IMG-20240430-WA0043-1152x1536.jpg 1152w, https:\/\/agora.xtec.cat\/ceipvistaalegre\/wp-content\/uploads\/usu1936\/2024\/05\/IMG-20240430-WA0043.jpg 1536w\" sizes=\"auto, (max-width: 225px) 100vw, 225px\" \/><\/a><\/p>\n","protected":false},"excerpt":{"rendered":"<p>Ens hem acomiadat de la Isabel, la nostra conserge, que despr\u00e9s de 12 anys al Vista Alegre, li ha arribat l&#8217;hora de jubilar-se. Per aix\u00f2, nens i nenes, mestres, personal del centre i una representaci\u00f3 de les fam\u00edlies, li hem dedicat un petit acte de&hellip;  <a href=\"https:\/\/agora.xtec.cat\/ceipvistaalegre\/general\/adeu-isabel\/\" title=\"Read Adeu, Isabel\">Llegeix m\u00e9s\u00bb<\/a><\/p>\n","protected":false},"author":3,"featured_media":0,"comment_status":"open","ping_status":"closed","sticky":false,"template":"","format":"standard","meta":{"_bbp_topic_count":0,"_bbp_reply_count":0,"_bbp_total_topic_count":0,"_bbp_total_reply_count":0,"_bbp_voice_count":0,"_bbp_anonymous_reply_count":0,"_bbp_topic_count_hidden":0,"_bbp_reply_count_hidden":0,"_bbp_forum_subforum_count":0,"footnotes":""},"categories":[1,4],"tags":[],"class_list":["post-9910","post","type-post","status-publish","format-standard","hentry","category-general","category-portada"],"post_mailing_queue_ids":[],"_links":{"self":[{"href":"https:\/\/agora.xtec.cat\/ceipvistaalegre\/wp-json\/wp\/v2\/posts\/9910","targetHints":{"allow":["GET"]}}],"collection":[{"href":"https:\/\/agora.xtec.cat\/ceipvistaalegre\/wp-json\/wp\/v2\/posts"}],"about":[{"href":"https:\/\/agora.xtec.cat\/ceipvistaalegre\/wp-json\/wp\/v2\/types\/post"}],"author":[{"embeddable":true,"href":"https:\/\/agora.xtec.cat\/ceipvistaalegre\/wp-json\/wp\/v2\/users\/3"}],"replies":[{"embeddable":true,"href":"https:\/\/agora.xtec.cat\/ceipvistaalegre\/wp-json\/wp\/v2\/comments?post=9910"}],"version-history":[{"count":1,"href":"https:\/\/agora.xtec.cat\/ceipvistaalegre\/wp-json\/wp\/v2\/posts\/9910\/revisions"}],"predecessor-version":[{"id":9912,"href":"https:\/\/agora.xtec.cat\/ceipvistaalegre\/wp-json\/wp\/v2\/posts\/9910\/revisions\/9912"}],"wp:attachment":[{"href":"https:\/\/agora.xtec.cat\/ceipvistaalegre\/wp-json\/wp\/v2\/media?parent=9910"}],"wp:term":[{"taxonomy":"category","embeddable":true,"href":"https:\/\/agora.xtec.cat\/ceipvistaalegre\/wp-json\/wp\/v2\/categories?post=9910"},{"taxonomy":"post_tag","embeddable":true,"href":"https:\/\/agora.xtec.cat\/ceipvistaalegre\/wp-json\/wp\/v2\/tags?post=9910"}],"curies":[{"name":"wp","href":"https:\/\/api.w.org\/{rel}","templated":true}]}}