{"id":9893,"date":"2024-04-26T18:50:51","date_gmt":"2024-04-26T16:50:51","guid":{"rendered":"https:\/\/agora.xtec.cat\/ceipvistaalegre\/?p=9893"},"modified":"2024-04-26T18:50:51","modified_gmt":"2024-04-26T16:50:51","slug":"taller-disseny-grafic","status":"publish","type":"post","link":"https:\/\/agora.xtec.cat\/ceipvistaalegre\/primaria\/6e\/taller-disseny-grafic\/","title":{"rendered":"Taller disseny gr\u00e0fic"},"content":{"rendered":"<p>Aquesta tarda ens ha vingut una mare de l&#8217;escola a fer un taller de &#8220;disseny gr\u00e0fic&#8221;. Primer ens ha explicat en qu\u00e8 consisteix la seva feina, i despr\u00e9s ens ha passat un v\u00eddeo molt interessant per saber com fer el disseny.<\/p>\n<p>Els nens i nenes han creat el seu propi disseny a trav\u00e9s de textos, imatges, s\u00edmbols i amb la finalitat de transmetre un missatge visual.<\/p>\n<p><a href=\"https:\/\/agora.xtec.cat\/ceipvistaalegre\/wp-content\/uploads\/usu1936\/2024\/04\/WhatsApp-Image-2024-04-26-at-18.22.51.jpeg\"><img loading=\"lazy\" decoding=\"async\" class=\"alignnone  wp-image-9894\" src=\"https:\/\/agora.xtec.cat\/ceipvistaalegre\/wp-content\/uploads\/usu1936\/2024\/04\/WhatsApp-Image-2024-04-26-at-18.22.51-1024x768.jpeg\" alt=\"\" width=\"305\" height=\"229\" srcset=\"https:\/\/agora.xtec.cat\/ceipvistaalegre\/wp-content\/uploads\/usu1936\/2024\/04\/WhatsApp-Image-2024-04-26-at-18.22.51-1024x768.jpeg 1024w, https:\/\/agora.xtec.cat\/ceipvistaalegre\/wp-content\/uploads\/usu1936\/2024\/04\/WhatsApp-Image-2024-04-26-at-18.22.51-300x225.jpeg 300w, https:\/\/agora.xtec.cat\/ceipvistaalegre\/wp-content\/uploads\/usu1936\/2024\/04\/WhatsApp-Image-2024-04-26-at-18.22.51-768x576.jpeg 768w, https:\/\/agora.xtec.cat\/ceipvistaalegre\/wp-content\/uploads\/usu1936\/2024\/04\/WhatsApp-Image-2024-04-26-at-18.22.51-1536x1152.jpeg 1536w, https:\/\/agora.xtec.cat\/ceipvistaalegre\/wp-content\/uploads\/usu1936\/2024\/04\/WhatsApp-Image-2024-04-26-at-18.22.51-200x150.jpeg 200w, https:\/\/agora.xtec.cat\/ceipvistaalegre\/wp-content\/uploads\/usu1936\/2024\/04\/WhatsApp-Image-2024-04-26-at-18.22.51.jpeg 2048w\" sizes=\"auto, (max-width: 305px) 100vw, 305px\" \/><\/a><\/p>\n<p>&nbsp;<\/p>\n<p><a href=\"https:\/\/agora.xtec.cat\/ceipvistaalegre\/wp-content\/uploads\/usu1936\/2024\/04\/WhatsApp-Image-2024-04-26-at-18.23.09.jpeg\"><img loading=\"lazy\" decoding=\"async\" class=\"alignnone  wp-image-9895\" src=\"https:\/\/agora.xtec.cat\/ceipvistaalegre\/wp-content\/uploads\/usu1936\/2024\/04\/WhatsApp-Image-2024-04-26-at-18.23.09-1024x768.jpeg\" alt=\"\" width=\"300\" height=\"225\" srcset=\"https:\/\/agora.xtec.cat\/ceipvistaalegre\/wp-content\/uploads\/usu1936\/2024\/04\/WhatsApp-Image-2024-04-26-at-18.23.09-1024x768.jpeg 1024w, https:\/\/agora.xtec.cat\/ceipvistaalegre\/wp-content\/uploads\/usu1936\/2024\/04\/WhatsApp-Image-2024-04-26-at-18.23.09-300x225.jpeg 300w, https:\/\/agora.xtec.cat\/ceipvistaalegre\/wp-content\/uploads\/usu1936\/2024\/04\/WhatsApp-Image-2024-04-26-at-18.23.09-768x576.jpeg 768w, https:\/\/agora.xtec.cat\/ceipvistaalegre\/wp-content\/uploads\/usu1936\/2024\/04\/WhatsApp-Image-2024-04-26-at-18.23.09-1536x1152.jpeg 1536w, https:\/\/agora.xtec.cat\/ceipvistaalegre\/wp-content\/uploads\/usu1936\/2024\/04\/WhatsApp-Image-2024-04-26-at-18.23.09-200x150.jpeg 200w, https:\/\/agora.xtec.cat\/ceipvistaalegre\/wp-content\/uploads\/usu1936\/2024\/04\/WhatsApp-Image-2024-04-26-at-18.23.09.jpeg 2048w\" sizes=\"auto, (max-width: 300px) 100vw, 300px\" \/><\/a><\/p>\n<p><img loading=\"lazy\" decoding=\"async\" class=\"alignnone  wp-image-9897\" src=\"https:\/\/agora.xtec.cat\/ceipvistaalegre\/wp-content\/uploads\/usu1936\/2024\/04\/WhatsApp-Image-2024-04-26-at-18.24.21-1024x768.jpeg\" alt=\"\" width=\"301\" height=\"226\" srcset=\"https:\/\/agora.xtec.cat\/ceipvistaalegre\/wp-content\/uploads\/usu1936\/2024\/04\/WhatsApp-Image-2024-04-26-at-18.24.21-1024x768.jpeg 1024w, https:\/\/agora.xtec.cat\/ceipvistaalegre\/wp-content\/uploads\/usu1936\/2024\/04\/WhatsApp-Image-2024-04-26-at-18.24.21-300x225.jpeg 300w, https:\/\/agora.xtec.cat\/ceipvistaalegre\/wp-content\/uploads\/usu1936\/2024\/04\/WhatsApp-Image-2024-04-26-at-18.24.21-768x576.jpeg 768w, https:\/\/agora.xtec.cat\/ceipvistaalegre\/wp-content\/uploads\/usu1936\/2024\/04\/WhatsApp-Image-2024-04-26-at-18.24.21-1536x1152.jpeg 1536w, https:\/\/agora.xtec.cat\/ceipvistaalegre\/wp-content\/uploads\/usu1936\/2024\/04\/WhatsApp-Image-2024-04-26-at-18.24.21-200x150.jpeg 200w, https:\/\/agora.xtec.cat\/ceipvistaalegre\/wp-content\/uploads\/usu1936\/2024\/04\/WhatsApp-Image-2024-04-26-at-18.24.21.jpeg 2048w\" sizes=\"auto, (max-width: 301px) 100vw, 301px\" \/><\/p>\n","protected":false},"excerpt":{"rendered":"<p>Aquesta tarda ens ha vingut una mare de l&#8217;escola a fer un taller de &#8220;disseny gr\u00e0fic&#8221;. Primer ens ha explicat en qu\u00e8 consisteix la seva feina, i despr\u00e9s ens ha passat un v\u00eddeo molt interessant per saber com fer el disseny.<br \/>\nEls nens i nenes han&hellip;  <a href=\"https:\/\/agora.xtec.cat\/ceipvistaalegre\/primaria\/6e\/taller-disseny-grafic\/\" title=\"Read Taller disseny gr\u00e0fic\">Llegeix m\u00e9s\u00bb<\/a><\/p>\n","protected":false},"author":18,"featured_media":0,"comment_status":"open","ping_status":"closed","sticky":false,"template":"","format":"standard","meta":{"_bbp_topic_count":0,"_bbp_reply_count":0,"_bbp_total_topic_count":0,"_bbp_total_reply_count":0,"_bbp_voice_count":0,"_bbp_anonymous_reply_count":0,"_bbp_topic_count_hidden":0,"_bbp_reply_count_hidden":0,"_bbp_forum_subforum_count":0,"footnotes":""},"categories":[15],"tags":[],"class_list":["post-9893","post","type-post","status-publish","format-standard","hentry","category-6e"],"post_mailing_queue_ids":[],"_links":{"self":[{"href":"https:\/\/agora.xtec.cat\/ceipvistaalegre\/wp-json\/wp\/v2\/posts\/9893","targetHints":{"allow":["GET"]}}],"collection":[{"href":"https:\/\/agora.xtec.cat\/ceipvistaalegre\/wp-json\/wp\/v2\/posts"}],"about":[{"href":"https:\/\/agora.xtec.cat\/ceipvistaalegre\/wp-json\/wp\/v2\/types\/post"}],"author":[{"embeddable":true,"href":"https:\/\/agora.xtec.cat\/ceipvistaalegre\/wp-json\/wp\/v2\/users\/18"}],"replies":[{"embeddable":true,"href":"https:\/\/agora.xtec.cat\/ceipvistaalegre\/wp-json\/wp\/v2\/comments?post=9893"}],"version-history":[{"count":1,"href":"https:\/\/agora.xtec.cat\/ceipvistaalegre\/wp-json\/wp\/v2\/posts\/9893\/revisions"}],"predecessor-version":[{"id":9898,"href":"https:\/\/agora.xtec.cat\/ceipvistaalegre\/wp-json\/wp\/v2\/posts\/9893\/revisions\/9898"}],"wp:attachment":[{"href":"https:\/\/agora.xtec.cat\/ceipvistaalegre\/wp-json\/wp\/v2\/media?parent=9893"}],"wp:term":[{"taxonomy":"category","embeddable":true,"href":"https:\/\/agora.xtec.cat\/ceipvistaalegre\/wp-json\/wp\/v2\/categories?post=9893"},{"taxonomy":"post_tag","embeddable":true,"href":"https:\/\/agora.xtec.cat\/ceipvistaalegre\/wp-json\/wp\/v2\/tags?post=9893"}],"curies":[{"name":"wp","href":"https:\/\/api.w.org\/{rel}","templated":true}]}}