{"id":9888,"date":"2024-04-25T20:57:56","date_gmt":"2024-04-25T18:57:56","guid":{"rendered":"https:\/\/agora.xtec.cat\/ceipvistaalegre\/?p=9888"},"modified":"2024-04-25T20:57:56","modified_gmt":"2024-04-25T18:57:56","slug":"sortida-museu-de-la-ciencia-2","status":"publish","type":"post","link":"https:\/\/agora.xtec.cat\/ceipvistaalegre\/primaria\/6e\/sortida-museu-de-la-ciencia-2\/","title":{"rendered":"Sortida Museu de la Ci\u00e8ncia"},"content":{"rendered":"<p>Avui hem anat a Barcelona al Museu de la Ci\u00e8ncia (Cosmocaixa). Hem fet un taller que es diu &#8220;Fen\u00f2mens el\u00e8ctrics&#8221;, aquesta activitat est\u00e0 relacionada amb el projecte del nom de la classe.<\/p>\n<p>En aquest taller els nens i nenes han fet experiments participatius, vistosos i divertits per descobrir que l&#8217;electricitat \u00e9s un fet natural i que est\u00e0 present en tots els materials que ens envolten. Tamb\u00e9 han observat com es comporten els objectes carregats el\u00e8ctricament; en quins materials es pot moure la c\u00e0rrega el\u00e8ctrica amb facilitat, i quins s\u00f3n els efectes d&#8217;aquest moviment.<\/p>\n<p>Aquesta activitat ha fet evident els perills associats a l&#8217;electricitat.<\/p>\n<p><img loading=\"lazy\" decoding=\"async\" class=\"alignnone  wp-image-9889\" src=\"https:\/\/agora.xtec.cat\/ceipvistaalegre\/wp-content\/uploads\/usu1936\/2024\/04\/WhatsApp-Image-2024-04-25-at-20.50.08-1-1024x768.jpeg\" alt=\"\" width=\"290\" height=\"217\" srcset=\"https:\/\/agora.xtec.cat\/ceipvistaalegre\/wp-content\/uploads\/usu1936\/2024\/04\/WhatsApp-Image-2024-04-25-at-20.50.08-1-1024x768.jpeg 1024w, https:\/\/agora.xtec.cat\/ceipvistaalegre\/wp-content\/uploads\/usu1936\/2024\/04\/WhatsApp-Image-2024-04-25-at-20.50.08-1-300x225.jpeg 300w, https:\/\/agora.xtec.cat\/ceipvistaalegre\/wp-content\/uploads\/usu1936\/2024\/04\/WhatsApp-Image-2024-04-25-at-20.50.08-1-768x576.jpeg 768w, https:\/\/agora.xtec.cat\/ceipvistaalegre\/wp-content\/uploads\/usu1936\/2024\/04\/WhatsApp-Image-2024-04-25-at-20.50.08-1-1536x1152.jpeg 1536w, https:\/\/agora.xtec.cat\/ceipvistaalegre\/wp-content\/uploads\/usu1936\/2024\/04\/WhatsApp-Image-2024-04-25-at-20.50.08-1-200x150.jpeg 200w, https:\/\/agora.xtec.cat\/ceipvistaalegre\/wp-content\/uploads\/usu1936\/2024\/04\/WhatsApp-Image-2024-04-25-at-20.50.08-1.jpeg 2048w\" sizes=\"auto, (max-width: 290px) 100vw, 290px\" \/><\/p>\n<p><img loading=\"lazy\" decoding=\"async\" class=\"alignnone  wp-image-9890\" src=\"https:\/\/agora.xtec.cat\/ceipvistaalegre\/wp-content\/uploads\/usu1936\/2024\/04\/WhatsApp-Image-2024-04-25-at-20.51.24-1024x768.jpeg\" alt=\"\" width=\"295\" height=\"221\" srcset=\"https:\/\/agora.xtec.cat\/ceipvistaalegre\/wp-content\/uploads\/usu1936\/2024\/04\/WhatsApp-Image-2024-04-25-at-20.51.24-1024x768.jpeg 1024w, https:\/\/agora.xtec.cat\/ceipvistaalegre\/wp-content\/uploads\/usu1936\/2024\/04\/WhatsApp-Image-2024-04-25-at-20.51.24-300x225.jpeg 300w, https:\/\/agora.xtec.cat\/ceipvistaalegre\/wp-content\/uploads\/usu1936\/2024\/04\/WhatsApp-Image-2024-04-25-at-20.51.24-768x576.jpeg 768w, https:\/\/agora.xtec.cat\/ceipvistaalegre\/wp-content\/uploads\/usu1936\/2024\/04\/WhatsApp-Image-2024-04-25-at-20.51.24-1536x1152.jpeg 1536w, https:\/\/agora.xtec.cat\/ceipvistaalegre\/wp-content\/uploads\/usu1936\/2024\/04\/WhatsApp-Image-2024-04-25-at-20.51.24-200x150.jpeg 200w, https:\/\/agora.xtec.cat\/ceipvistaalegre\/wp-content\/uploads\/usu1936\/2024\/04\/WhatsApp-Image-2024-04-25-at-20.51.24.jpeg 2048w\" sizes=\"auto, (max-width: 295px) 100vw, 295px\" \/><\/p>\n<p><img loading=\"lazy\" decoding=\"async\" class=\"alignnone  wp-image-9891\" src=\"https:\/\/agora.xtec.cat\/ceipvistaalegre\/wp-content\/uploads\/usu1936\/2024\/04\/WhatsApp-Image-2024-04-25-at-20.51.44-1024x768.jpeg\" alt=\"\" width=\"296\" height=\"222\" srcset=\"https:\/\/agora.xtec.cat\/ceipvistaalegre\/wp-content\/uploads\/usu1936\/2024\/04\/WhatsApp-Image-2024-04-25-at-20.51.44-1024x768.jpeg 1024w, https:\/\/agora.xtec.cat\/ceipvistaalegre\/wp-content\/uploads\/usu1936\/2024\/04\/WhatsApp-Image-2024-04-25-at-20.51.44-300x225.jpeg 300w, https:\/\/agora.xtec.cat\/ceipvistaalegre\/wp-content\/uploads\/usu1936\/2024\/04\/WhatsApp-Image-2024-04-25-at-20.51.44-768x576.jpeg 768w, https:\/\/agora.xtec.cat\/ceipvistaalegre\/wp-content\/uploads\/usu1936\/2024\/04\/WhatsApp-Image-2024-04-25-at-20.51.44-1536x1152.jpeg 1536w, https:\/\/agora.xtec.cat\/ceipvistaalegre\/wp-content\/uploads\/usu1936\/2024\/04\/WhatsApp-Image-2024-04-25-at-20.51.44-200x150.jpeg 200w, https:\/\/agora.xtec.cat\/ceipvistaalegre\/wp-content\/uploads\/usu1936\/2024\/04\/WhatsApp-Image-2024-04-25-at-20.51.44.jpeg 2048w\" sizes=\"auto, (max-width: 296px) 100vw, 296px\" \/><\/p>\n","protected":false},"excerpt":{"rendered":"<p>Avui hem anat a Barcelona al Museu de la Ci\u00e8ncia (Cosmocaixa). Hem fet un taller que es diu &#8220;Fen\u00f2mens el\u00e8ctrics&#8221;, aquesta activitat est\u00e0 relacionada amb el projecte del nom de la classe.<br \/>\nEn aquest taller els nens i nenes han fet experiments participatius, vistosos i divertits&hellip;  <a href=\"https:\/\/agora.xtec.cat\/ceipvistaalegre\/primaria\/6e\/sortida-museu-de-la-ciencia-2\/\" title=\"Read Sortida Museu de la Ci\u00e8ncia\">Llegeix m\u00e9s\u00bb<\/a><\/p>\n","protected":false},"author":18,"featured_media":0,"comment_status":"open","ping_status":"closed","sticky":false,"template":"","format":"standard","meta":{"_bbp_topic_count":0,"_bbp_reply_count":0,"_bbp_total_topic_count":0,"_bbp_total_reply_count":0,"_bbp_voice_count":0,"_bbp_anonymous_reply_count":0,"_bbp_topic_count_hidden":0,"_bbp_reply_count_hidden":0,"_bbp_forum_subforum_count":0,"footnotes":""},"categories":[15],"tags":[],"class_list":["post-9888","post","type-post","status-publish","format-standard","hentry","category-6e"],"post_mailing_queue_ids":[],"_links":{"self":[{"href":"https:\/\/agora.xtec.cat\/ceipvistaalegre\/wp-json\/wp\/v2\/posts\/9888","targetHints":{"allow":["GET"]}}],"collection":[{"href":"https:\/\/agora.xtec.cat\/ceipvistaalegre\/wp-json\/wp\/v2\/posts"}],"about":[{"href":"https:\/\/agora.xtec.cat\/ceipvistaalegre\/wp-json\/wp\/v2\/types\/post"}],"author":[{"embeddable":true,"href":"https:\/\/agora.xtec.cat\/ceipvistaalegre\/wp-json\/wp\/v2\/users\/18"}],"replies":[{"embeddable":true,"href":"https:\/\/agora.xtec.cat\/ceipvistaalegre\/wp-json\/wp\/v2\/comments?post=9888"}],"version-history":[{"count":1,"href":"https:\/\/agora.xtec.cat\/ceipvistaalegre\/wp-json\/wp\/v2\/posts\/9888\/revisions"}],"predecessor-version":[{"id":9892,"href":"https:\/\/agora.xtec.cat\/ceipvistaalegre\/wp-json\/wp\/v2\/posts\/9888\/revisions\/9892"}],"wp:attachment":[{"href":"https:\/\/agora.xtec.cat\/ceipvistaalegre\/wp-json\/wp\/v2\/media?parent=9888"}],"wp:term":[{"taxonomy":"category","embeddable":true,"href":"https:\/\/agora.xtec.cat\/ceipvistaalegre\/wp-json\/wp\/v2\/categories?post=9888"},{"taxonomy":"post_tag","embeddable":true,"href":"https:\/\/agora.xtec.cat\/ceipvistaalegre\/wp-json\/wp\/v2\/tags?post=9888"}],"curies":[{"name":"wp","href":"https:\/\/api.w.org\/{rel}","templated":true}]}}