{"id":9867,"date":"2024-04-19T07:07:20","date_gmt":"2024-04-19T05:07:20","guid":{"rendered":"https:\/\/agora.xtec.cat\/ceipvistaalegre\/?p=9867"},"modified":"2024-04-19T11:51:40","modified_gmt":"2024-04-19T09:51:40","slug":"visita-de-lalcalde-a-lescola","status":"publish","type":"post","link":"https:\/\/agora.xtec.cat\/ceipvistaalegre\/portada\/visita-de-lalcalde-a-lescola\/","title":{"rendered":"Visita de l&#8217;alcalde a l&#8217;escola"},"content":{"rendered":"<p>Aquesta setmana, emmarcat en l&#8217;activitat &#8220;Alcalde als barris&#8221; en la que l&#8217;alcalde de Matar\u00f3 fa visites als diferents barris de la ciutat, en David Bote ha estat al barri de Vista Alegre.<\/p>\n<p>\u00c9s per aquest motiu que ell, juntament amb la Beatriz Delgado, la regidora d&#8217;educaci\u00f3 i esports, i altres t\u00e8cnics de l&#8217;Ajuntament, han visitat la nostra escola.<\/p>\n<p>Han pogut parlar amb els nens i nenes, veure les aules i altres espais de l&#8217;escola, aix\u00ed com tamb\u00e9 parlar amb direcci\u00f3 i alguns docents.<\/p>\n<ul>\n<li><a href=\"https:\/\/agora.xtec.cat\/ceipvistaalegre\/wp-content\/uploads\/usu1936\/2024\/04\/20240417_065302.jpg\"><img loading=\"lazy\" decoding=\"async\" class=\"alignnone size-large wp-image-9868\" src=\"https:\/\/agora.xtec.cat\/ceipvistaalegre\/wp-content\/uploads\/usu1936\/2024\/04\/20240417_065302-1024x768.jpg\" alt=\"\" width=\"1024\" height=\"768\" srcset=\"https:\/\/agora.xtec.cat\/ceipvistaalegre\/wp-content\/uploads\/usu1936\/2024\/04\/20240417_065302-1024x768.jpg 1024w, https:\/\/agora.xtec.cat\/ceipvistaalegre\/wp-content\/uploads\/usu1936\/2024\/04\/20240417_065302-300x225.jpg 300w, https:\/\/agora.xtec.cat\/ceipvistaalegre\/wp-content\/uploads\/usu1936\/2024\/04\/20240417_065302-768x576.jpg 768w, https:\/\/agora.xtec.cat\/ceipvistaalegre\/wp-content\/uploads\/usu1936\/2024\/04\/20240417_065302-1536x1152.jpg 1536w, https:\/\/agora.xtec.cat\/ceipvistaalegre\/wp-content\/uploads\/usu1936\/2024\/04\/20240417_065302-200x150.jpg 200w, https:\/\/agora.xtec.cat\/ceipvistaalegre\/wp-content\/uploads\/usu1936\/2024\/04\/20240417_065302.jpg 2040w\" sizes=\"auto, (max-width: 1024px) 100vw, 1024px\" \/><\/a><\/li>\n<\/ul>\n<p>&nbsp;<\/p>\n","protected":false},"excerpt":{"rendered":"<p>Aquesta setmana, emmarcat en l&#8217;activitat &#8220;Alcalde als barris&#8221; en la que l&#8217;alcalde de Matar\u00f3 fa visites als diferents barris de la ciutat, en David Bote ha estat al barri de Vista Alegre.<br \/>\n\u00c9s per aquest motiu que ell, juntament amb la Beatriz Delgado, la regidora d&#8217;educaci\u00f3&hellip;  <a href=\"https:\/\/agora.xtec.cat\/ceipvistaalegre\/portada\/visita-de-lalcalde-a-lescola\/\" title=\"Read Visita de l&#8217;alcalde a l&#8217;escola\">Llegeix m\u00e9s\u00bb<\/a><\/p>\n","protected":false},"author":3,"featured_media":0,"comment_status":"open","ping_status":"closed","sticky":false,"template":"","format":"standard","meta":{"_bbp_topic_count":0,"_bbp_reply_count":0,"_bbp_total_topic_count":0,"_bbp_total_reply_count":0,"_bbp_voice_count":0,"_bbp_anonymous_reply_count":0,"_bbp_topic_count_hidden":0,"_bbp_reply_count_hidden":0,"_bbp_forum_subforum_count":0,"footnotes":""},"categories":[4],"tags":[],"class_list":["post-9867","post","type-post","status-publish","format-standard","hentry","category-portada"],"post_mailing_queue_ids":[],"_links":{"self":[{"href":"https:\/\/agora.xtec.cat\/ceipvistaalegre\/wp-json\/wp\/v2\/posts\/9867","targetHints":{"allow":["GET"]}}],"collection":[{"href":"https:\/\/agora.xtec.cat\/ceipvistaalegre\/wp-json\/wp\/v2\/posts"}],"about":[{"href":"https:\/\/agora.xtec.cat\/ceipvistaalegre\/wp-json\/wp\/v2\/types\/post"}],"author":[{"embeddable":true,"href":"https:\/\/agora.xtec.cat\/ceipvistaalegre\/wp-json\/wp\/v2\/users\/3"}],"replies":[{"embeddable":true,"href":"https:\/\/agora.xtec.cat\/ceipvistaalegre\/wp-json\/wp\/v2\/comments?post=9867"}],"version-history":[{"count":2,"href":"https:\/\/agora.xtec.cat\/ceipvistaalegre\/wp-json\/wp\/v2\/posts\/9867\/revisions"}],"predecessor-version":[{"id":9871,"href":"https:\/\/agora.xtec.cat\/ceipvistaalegre\/wp-json\/wp\/v2\/posts\/9867\/revisions\/9871"}],"wp:attachment":[{"href":"https:\/\/agora.xtec.cat\/ceipvistaalegre\/wp-json\/wp\/v2\/media?parent=9867"}],"wp:term":[{"taxonomy":"category","embeddable":true,"href":"https:\/\/agora.xtec.cat\/ceipvistaalegre\/wp-json\/wp\/v2\/categories?post=9867"},{"taxonomy":"post_tag","embeddable":true,"href":"https:\/\/agora.xtec.cat\/ceipvistaalegre\/wp-json\/wp\/v2\/tags?post=9867"}],"curies":[{"name":"wp","href":"https:\/\/api.w.org\/{rel}","templated":true}]}}