{"id":9789,"date":"2024-04-14T19:43:02","date_gmt":"2024-04-14T17:43:02","guid":{"rendered":"https:\/\/agora.xtec.cat\/ceipvistaalegre\/?p=9789"},"modified":"2024-04-14T19:43:02","modified_gmt":"2024-04-14T17:43:02","slug":"observem-les-plantes","status":"publish","type":"post","link":"https:\/\/agora.xtec.cat\/ceipvistaalegre\/hort\/observem-les-plantes\/","title":{"rendered":"OBSERVEM LES PLANTES"},"content":{"rendered":"<p>Les girafes hem agafat les lupes i hem anat a \u00a0observar les nostres plantes.<\/p>\n<p>Primer hem observat els gira-sols: la al\u00e7ada, la forma de la fulla, la tija.<\/p>\n<p>Despr\u00e9s hem anat a l\u2019hort i hem vist que els dos gira-sols que hi vam plantar han crescut m\u00e9s que els dels testos. S\u00f3n m\u00e9s alts i tenen la tija i les fulles m\u00e9s grosses.<\/p>\n<p>I finalment hem observat les verdures de l\u2019hort. Les faves estan alt\u00edssimes i tenen moltes baines. Els p\u00e8sols s\u00f3n m\u00e9s dormilegues i creixen m\u00e9s a poc a poc. Les maduixeres comencen a donar maduixes, per\u00f2 encara s\u00f3n vedes. I els nostre arbres continuen creixen i el llimoner est\u00e0 ple de flors.<\/p>\n<p>Hem gaudit molt amb el contacte i els aprenentatges que ens aporta la natura.<\/p>\n<p><a href=\"https:\/\/agora.xtec.cat\/ceipvistaalegre\/wp-content\/uploads\/usu1936\/2024\/04\/IMG_20240404_222644-1-scaled.jpg\"><img loading=\"lazy\" decoding=\"async\" class=\"alignnone size-large wp-image-9790\" src=\"https:\/\/agora.xtec.cat\/ceipvistaalegre\/wp-content\/uploads\/usu1936\/2024\/04\/IMG_20240404_222644-1-777x1024.jpg\" alt=\"\" width=\"777\" height=\"1024\" srcset=\"https:\/\/agora.xtec.cat\/ceipvistaalegre\/wp-content\/uploads\/usu1936\/2024\/04\/IMG_20240404_222644-1-777x1024.jpg 777w, https:\/\/agora.xtec.cat\/ceipvistaalegre\/wp-content\/uploads\/usu1936\/2024\/04\/IMG_20240404_222644-1-227x300.jpg 227w, https:\/\/agora.xtec.cat\/ceipvistaalegre\/wp-content\/uploads\/usu1936\/2024\/04\/IMG_20240404_222644-1-768x1013.jpg 768w, https:\/\/agora.xtec.cat\/ceipvistaalegre\/wp-content\/uploads\/usu1936\/2024\/04\/IMG_20240404_222644-1-1165x1536.jpg 1165w, https:\/\/agora.xtec.cat\/ceipvistaalegre\/wp-content\/uploads\/usu1936\/2024\/04\/IMG_20240404_222644-1-1553x2048.jpg 1553w, https:\/\/agora.xtec.cat\/ceipvistaalegre\/wp-content\/uploads\/usu1936\/2024\/04\/IMG_20240404_222644-1-scaled.jpg 1941w\" sizes=\"auto, (max-width: 777px) 100vw, 777px\" \/><\/a><\/p>\n","protected":false},"excerpt":{"rendered":"<p>Les girafes hem agafat les lupes i hem anat a \u00a0observar les nostres plantes.<br \/>\nPrimer hem observat els gira-sols: la al\u00e7ada, la forma de la fulla, la tija.<br \/>\nDespr\u00e9s hem anat a l\u2019hort i hem vist que els dos gira-sols que hi vam plantar han crescut m\u00e9s&hellip;  <a href=\"https:\/\/agora.xtec.cat\/ceipvistaalegre\/hort\/observem-les-plantes\/\" title=\"Read OBSERVEM LES PLANTES\">Llegeix m\u00e9s\u00bb<\/a><\/p>\n","protected":false},"author":15,"featured_media":0,"comment_status":"open","ping_status":"closed","sticky":false,"template":"","format":"standard","meta":{"_bbp_topic_count":0,"_bbp_reply_count":0,"_bbp_total_topic_count":0,"_bbp_total_reply_count":0,"_bbp_voice_count":0,"_bbp_anonymous_reply_count":0,"_bbp_topic_count_hidden":0,"_bbp_reply_count_hidden":0,"_bbp_forum_subforum_count":0,"footnotes":""},"categories":[225,220],"tags":[],"class_list":["post-9789","post","type-post","status-publish","format-standard","hentry","category-infantil-5-anys","category-hort"],"post_mailing_queue_ids":[],"_links":{"self":[{"href":"https:\/\/agora.xtec.cat\/ceipvistaalegre\/wp-json\/wp\/v2\/posts\/9789","targetHints":{"allow":["GET"]}}],"collection":[{"href":"https:\/\/agora.xtec.cat\/ceipvistaalegre\/wp-json\/wp\/v2\/posts"}],"about":[{"href":"https:\/\/agora.xtec.cat\/ceipvistaalegre\/wp-json\/wp\/v2\/types\/post"}],"author":[{"embeddable":true,"href":"https:\/\/agora.xtec.cat\/ceipvistaalegre\/wp-json\/wp\/v2\/users\/15"}],"replies":[{"embeddable":true,"href":"https:\/\/agora.xtec.cat\/ceipvistaalegre\/wp-json\/wp\/v2\/comments?post=9789"}],"version-history":[{"count":1,"href":"https:\/\/agora.xtec.cat\/ceipvistaalegre\/wp-json\/wp\/v2\/posts\/9789\/revisions"}],"predecessor-version":[{"id":9791,"href":"https:\/\/agora.xtec.cat\/ceipvistaalegre\/wp-json\/wp\/v2\/posts\/9789\/revisions\/9791"}],"wp:attachment":[{"href":"https:\/\/agora.xtec.cat\/ceipvistaalegre\/wp-json\/wp\/v2\/media?parent=9789"}],"wp:term":[{"taxonomy":"category","embeddable":true,"href":"https:\/\/agora.xtec.cat\/ceipvistaalegre\/wp-json\/wp\/v2\/categories?post=9789"},{"taxonomy":"post_tag","embeddable":true,"href":"https:\/\/agora.xtec.cat\/ceipvistaalegre\/wp-json\/wp\/v2\/tags?post=9789"}],"curies":[{"name":"wp","href":"https:\/\/api.w.org\/{rel}","templated":true}]}}