{"id":9787,"date":"2024-04-13T13:57:59","date_gmt":"2024-04-13T11:57:59","guid":{"rendered":"https:\/\/agora.xtec.cat\/ceipvistaalegre\/?p=9787"},"modified":"2024-04-13T13:57:59","modified_gmt":"2024-04-13T11:57:59","slug":"oficis-de-casa-nostra","status":"publish","type":"post","link":"https:\/\/agora.xtec.cat\/ceipvistaalegre\/primaria\/2n\/oficis-de-casa-nostra\/","title":{"rendered":"OFICIS DE CASA NOSTRA"},"content":{"rendered":"<p>Aquests dies a segon, estem estudiant els oficis. Cada alumne explica de primera ma, quina \u00e9s la feina que fan els adults de casa seva i comparteix experi\u00e8ncies, fotografies, eines, etc.<\/p>\n<p>L&#8217;exposici\u00f3 de l&#8217;Hugo ha estat molt dol\u00e7a, don\u00e7 ens ha portat material per elaborar la crema pastissera que la seva mare fa servir per omplir les pastes que fa al seu lloc de treball.<\/p>\n<p>Moltes gr\u00e0cies fam\u00edlies per la vostra col\u00b7laboraci\u00f3!<\/p>\n<p><a href=\"https:\/\/agora.xtec.cat\/ceipvistaalegre\/wp-content\/uploads\/usu1936\/2024\/04\/24OFICIS.jpg\"><img loading=\"lazy\" decoding=\"async\" class=\"alignnone size-large wp-image-9784\" src=\"https:\/\/agora.xtec.cat\/ceipvistaalegre\/wp-content\/uploads\/usu1936\/2024\/04\/24OFICIS-1024x965.jpg\" alt=\"\" width=\"1024\" height=\"965\" srcset=\"https:\/\/agora.xtec.cat\/ceipvistaalegre\/wp-content\/uploads\/usu1936\/2024\/04\/24OFICIS-1024x965.jpg 1024w, https:\/\/agora.xtec.cat\/ceipvistaalegre\/wp-content\/uploads\/usu1936\/2024\/04\/24OFICIS-300x283.jpg 300w, https:\/\/agora.xtec.cat\/ceipvistaalegre\/wp-content\/uploads\/usu1936\/2024\/04\/24OFICIS-768x724.jpg 768w, https:\/\/agora.xtec.cat\/ceipvistaalegre\/wp-content\/uploads\/usu1936\/2024\/04\/24OFICIS-1536x1447.jpg 1536w, https:\/\/agora.xtec.cat\/ceipvistaalegre\/wp-content\/uploads\/usu1936\/2024\/04\/24OFICIS.jpg 1874w\" sizes=\"auto, (max-width: 1024px) 100vw, 1024px\" \/><\/a><\/p>\n","protected":false},"excerpt":{"rendered":"<p>Aquests dies a segon, estem estudiant els oficis. Cada alumne explica de primera ma, quina \u00e9s la feina que fan els adults de casa seva i comparteix experi\u00e8ncies, fotografies, eines, etc.<br \/>\nL&#8217;exposici\u00f3 de l&#8217;Hugo ha estat molt dol\u00e7a, don\u00e7 ens ha portat material per elaborar la&hellip;  <a href=\"https:\/\/agora.xtec.cat\/ceipvistaalegre\/primaria\/2n\/oficis-de-casa-nostra\/\" title=\"Read OFICIS DE CASA NOSTRA\">Llegeix m\u00e9s\u00bb<\/a><\/p>\n","protected":false},"author":9,"featured_media":0,"comment_status":"open","ping_status":"closed","sticky":false,"template":"","format":"standard","meta":{"_bbp_topic_count":0,"_bbp_reply_count":0,"_bbp_total_topic_count":0,"_bbp_total_reply_count":0,"_bbp_voice_count":0,"_bbp_anonymous_reply_count":0,"_bbp_topic_count_hidden":0,"_bbp_reply_count_hidden":0,"_bbp_forum_subforum_count":0,"footnotes":""},"categories":[11],"tags":[],"class_list":["post-9787","post","type-post","status-publish","format-standard","hentry","category-2n"],"post_mailing_queue_ids":[],"_links":{"self":[{"href":"https:\/\/agora.xtec.cat\/ceipvistaalegre\/wp-json\/wp\/v2\/posts\/9787","targetHints":{"allow":["GET"]}}],"collection":[{"href":"https:\/\/agora.xtec.cat\/ceipvistaalegre\/wp-json\/wp\/v2\/posts"}],"about":[{"href":"https:\/\/agora.xtec.cat\/ceipvistaalegre\/wp-json\/wp\/v2\/types\/post"}],"author":[{"embeddable":true,"href":"https:\/\/agora.xtec.cat\/ceipvistaalegre\/wp-json\/wp\/v2\/users\/9"}],"replies":[{"embeddable":true,"href":"https:\/\/agora.xtec.cat\/ceipvistaalegre\/wp-json\/wp\/v2\/comments?post=9787"}],"version-history":[{"count":1,"href":"https:\/\/agora.xtec.cat\/ceipvistaalegre\/wp-json\/wp\/v2\/posts\/9787\/revisions"}],"predecessor-version":[{"id":9788,"href":"https:\/\/agora.xtec.cat\/ceipvistaalegre\/wp-json\/wp\/v2\/posts\/9787\/revisions\/9788"}],"wp:attachment":[{"href":"https:\/\/agora.xtec.cat\/ceipvistaalegre\/wp-json\/wp\/v2\/media?parent=9787"}],"wp:term":[{"taxonomy":"category","embeddable":true,"href":"https:\/\/agora.xtec.cat\/ceipvistaalegre\/wp-json\/wp\/v2\/categories?post=9787"},{"taxonomy":"post_tag","embeddable":true,"href":"https:\/\/agora.xtec.cat\/ceipvistaalegre\/wp-json\/wp\/v2\/tags?post=9787"}],"curies":[{"name":"wp","href":"https:\/\/api.w.org\/{rel}","templated":true}]}}