{"id":9785,"date":"2024-04-13T13:43:56","date_gmt":"2024-04-13T11:43:56","guid":{"rendered":"https:\/\/agora.xtec.cat\/ceipvistaalegre\/?p=9785"},"modified":"2024-04-13T13:43:56","modified_gmt":"2024-04-13T11:43:56","slug":"la-casa-mes-petita","status":"publish","type":"post","link":"https:\/\/agora.xtec.cat\/ceipvistaalegre\/primaria\/2n\/la-casa-mes-petita\/","title":{"rendered":"LA CASA M\u00c9S PETITA"},"content":{"rendered":"<p>Al teatre Monumental de Matar\u00f3, l&#8217;Al\u00edcia i la Cristina, fent el paper de la Nora i la Betina, dues noies refugiades lluny de la guerra de la seva Terra, ens han ensenyat moltes coses.<\/p>\n<p>Entre la tristor i la diversi\u00f3, l&#8217;emoci\u00f3 de la seva hist\u00f2ria ens fa entendre la import\u00e0ncia de la pau, l&#8217;amistat, la il\u00b7lusi\u00f3&#8230; i que tenim la sort de poder gaudir d&#8217;una llar, d&#8217;una fam\u00edlia i del menjar diari.<\/p>\n<p><a href=\"https:\/\/agora.xtec.cat\/ceipvistaalegre\/wp-content\/uploads\/usu1936\/2024\/04\/24MONUMENTAL.jpg\"><img loading=\"lazy\" decoding=\"async\" class=\"alignnone size-large wp-image-9783\" src=\"https:\/\/agora.xtec.cat\/ceipvistaalegre\/wp-content\/uploads\/usu1936\/2024\/04\/24MONUMENTAL-1024x650.jpg\" alt=\"\" width=\"1024\" height=\"650\" srcset=\"https:\/\/agora.xtec.cat\/ceipvistaalegre\/wp-content\/uploads\/usu1936\/2024\/04\/24MONUMENTAL-1024x650.jpg 1024w, https:\/\/agora.xtec.cat\/ceipvistaalegre\/wp-content\/uploads\/usu1936\/2024\/04\/24MONUMENTAL-300x190.jpg 300w, https:\/\/agora.xtec.cat\/ceipvistaalegre\/wp-content\/uploads\/usu1936\/2024\/04\/24MONUMENTAL-768x487.jpg 768w, https:\/\/agora.xtec.cat\/ceipvistaalegre\/wp-content\/uploads\/usu1936\/2024\/04\/24MONUMENTAL-1536x975.jpg 1536w, https:\/\/agora.xtec.cat\/ceipvistaalegre\/wp-content\/uploads\/usu1936\/2024\/04\/24MONUMENTAL.jpg 1773w\" sizes=\"auto, (max-width: 1024px) 100vw, 1024px\" \/><\/a><\/p>\n<p>&nbsp;<\/p>\n","protected":false},"excerpt":{"rendered":"<p>Al teatre Monumental de Matar\u00f3, l&#8217;Al\u00edcia i la Cristina, fent el paper de la Nora i la Betina, dues noies refugiades lluny de la guerra de la seva Terra, ens han ensenyat moltes coses.<br \/>\nEntre la tristor i la diversi\u00f3, l&#8217;emoci\u00f3 de la seva hist\u00f2ria ens&hellip;  <a href=\"https:\/\/agora.xtec.cat\/ceipvistaalegre\/primaria\/2n\/la-casa-mes-petita\/\" title=\"Read LA CASA M\u00c9S PETITA\">Llegeix m\u00e9s\u00bb<\/a><\/p>\n","protected":false},"author":9,"featured_media":0,"comment_status":"open","ping_status":"closed","sticky":false,"template":"","format":"standard","meta":{"_bbp_topic_count":0,"_bbp_reply_count":0,"_bbp_total_topic_count":0,"_bbp_total_reply_count":0,"_bbp_voice_count":0,"_bbp_anonymous_reply_count":0,"_bbp_topic_count_hidden":0,"_bbp_reply_count_hidden":0,"_bbp_forum_subforum_count":0,"footnotes":""},"categories":[11],"tags":[],"class_list":["post-9785","post","type-post","status-publish","format-standard","hentry","category-2n"],"post_mailing_queue_ids":[],"_links":{"self":[{"href":"https:\/\/agora.xtec.cat\/ceipvistaalegre\/wp-json\/wp\/v2\/posts\/9785","targetHints":{"allow":["GET"]}}],"collection":[{"href":"https:\/\/agora.xtec.cat\/ceipvistaalegre\/wp-json\/wp\/v2\/posts"}],"about":[{"href":"https:\/\/agora.xtec.cat\/ceipvistaalegre\/wp-json\/wp\/v2\/types\/post"}],"author":[{"embeddable":true,"href":"https:\/\/agora.xtec.cat\/ceipvistaalegre\/wp-json\/wp\/v2\/users\/9"}],"replies":[{"embeddable":true,"href":"https:\/\/agora.xtec.cat\/ceipvistaalegre\/wp-json\/wp\/v2\/comments?post=9785"}],"version-history":[{"count":1,"href":"https:\/\/agora.xtec.cat\/ceipvistaalegre\/wp-json\/wp\/v2\/posts\/9785\/revisions"}],"predecessor-version":[{"id":9786,"href":"https:\/\/agora.xtec.cat\/ceipvistaalegre\/wp-json\/wp\/v2\/posts\/9785\/revisions\/9786"}],"wp:attachment":[{"href":"https:\/\/agora.xtec.cat\/ceipvistaalegre\/wp-json\/wp\/v2\/media?parent=9785"}],"wp:term":[{"taxonomy":"category","embeddable":true,"href":"https:\/\/agora.xtec.cat\/ceipvistaalegre\/wp-json\/wp\/v2\/categories?post=9785"},{"taxonomy":"post_tag","embeddable":true,"href":"https:\/\/agora.xtec.cat\/ceipvistaalegre\/wp-json\/wp\/v2\/tags?post=9785"}],"curies":[{"name":"wp","href":"https:\/\/api.w.org\/{rel}","templated":true}]}}