{"id":9771,"date":"2024-04-11T22:36:30","date_gmt":"2024-04-11T20:36:30","guid":{"rendered":"https:\/\/agora.xtec.cat\/ceipvistaalegre\/?p=9771"},"modified":"2024-04-11T22:38:28","modified_gmt":"2024-04-11T20:38:28","slug":"la-remolatxa-de-lhort","status":"publish","type":"post","link":"https:\/\/agora.xtec.cat\/ceipvistaalegre\/infantil\/infantil-3-anys\/la-remolatxa-de-lhort\/","title":{"rendered":"La remolatxa de l&#8217;hort."},"content":{"rendered":"<p><img loading=\"lazy\" decoding=\"async\" class=\"aligncenter size-full wp-image-9773\" src=\"https:\/\/agora.xtec.cat\/ceipvistaalegre\/wp-content\/uploads\/usu1936\/2024\/04\/photo-output-4-1-scaled.jpg\" alt=\"\" width=\"2560\" height=\"2560\" srcset=\"https:\/\/agora.xtec.cat\/ceipvistaalegre\/wp-content\/uploads\/usu1936\/2024\/04\/photo-output-4-1-scaled.jpg 2560w, https:\/\/agora.xtec.cat\/ceipvistaalegre\/wp-content\/uploads\/usu1936\/2024\/04\/photo-output-4-1-300x300.jpg 300w, https:\/\/agora.xtec.cat\/ceipvistaalegre\/wp-content\/uploads\/usu1936\/2024\/04\/photo-output-4-1-1024x1024.jpg 1024w, https:\/\/agora.xtec.cat\/ceipvistaalegre\/wp-content\/uploads\/usu1936\/2024\/04\/photo-output-4-1-150x150.jpg 150w, https:\/\/agora.xtec.cat\/ceipvistaalegre\/wp-content\/uploads\/usu1936\/2024\/04\/photo-output-4-1-768x768.jpg 768w, https:\/\/agora.xtec.cat\/ceipvistaalegre\/wp-content\/uploads\/usu1936\/2024\/04\/photo-output-4-1-1536x1536.jpg 1536w, https:\/\/agora.xtec.cat\/ceipvistaalegre\/wp-content\/uploads\/usu1936\/2024\/04\/photo-output-4-1-2048x2048.jpg 2048w\" sizes=\"auto, (max-width: 2560px) 100vw, 2560px\" \/><\/p>\n<p>Aquesta setmana hem collit les remolatxes del nostre hort. Despr\u00e9s d&#8217;observar-les sortint de la terra les hem portat a l&#8217;aula per fer-ho m\u00e9s acuradament.<\/p>\n<p>Amb les lupes a la ma hem comen\u00e7at a descobrir cadascuna de les seves parts: mida, color, textura, olor. Feien olor de terra. En canvi les fulles feien olor d&#8217;herba acabada de tallar. Hem observat la forma ovalada de la remolatxa i allargada de les seves fulles, amb uns nervis prims i rosats. Un cop tallada hem descobert que el seu interior t\u00e9 dibuixats diversos cercles conc\u00e8ntrics que van variant de tonalitat.<\/p>\n<p>Hem experimentat i plantejat hip\u00f2tesis: de qui color canviar\u00e0 l&#8217;aigua si posem la remolatxa dins, i les tiges? <em style=\"font-family: inherit; font-size: 1em;\">&#8220;rosa&#8221;, <\/em><em style=\"font-family: inherit; font-size: 1em;\">&#8220;taronja&#8221;, &#8220;no canviar\u00e0&#8221;&#8230; <\/em>Despr\u00e9s d&#8217;un dia en rep\u00f2s la verificaci\u00f3 ha estat: &#8220;<em>l&#8217;aigua s\u00ed que ha canviat de color&#8221;<\/em>.<em> Les tiges han deixat un color rosa-violeta fluix&#8221;<\/em> i &#8220;<em>la remolatxa ha deixat anar un rosa-violeta intens&#8221;<\/em>.<\/p>\n<p>Les mans s&#8217;han comen\u00e7at a tintar i un infant ha dit que pod\u00edem pintar; i aix\u00ed ho hem fet. Hem pintat directament amb rodanxes de remolatxa, despr\u00e9s directament amb les tiges, tamb\u00e9 trinxant la remolatxa amb la\u00a0 m\u00e0 de morter i finalment amb el l\u00edquid que li hem extret.<\/p>\n<p>Aviat us ensenyarem les nostres creacions.<\/p>\n<p>&nbsp;<\/p>\n<p>&nbsp;<\/p>\n","protected":false},"excerpt":{"rendered":"<p>Aquesta setmana hem collit les remolatxes del nostre hort. Despr\u00e9s d&#8217;observar-les sortint de la terra les hem portat a l&#8217;aula per fer-ho m\u00e9s acuradament.<br \/>\nAmb les lupes a la ma hem comen\u00e7at a descobrir cadascuna de les seves parts: mida, color, textura, olor. Feien olor de&hellip;  <a href=\"https:\/\/agora.xtec.cat\/ceipvistaalegre\/infantil\/infantil-3-anys\/la-remolatxa-de-lhort\/\" title=\"Read La remolatxa de l&#8217;hort.\">Llegeix m\u00e9s\u00bb<\/a><\/p>\n","protected":false},"author":4,"featured_media":0,"comment_status":"open","ping_status":"closed","sticky":false,"template":"","format":"standard","meta":{"_bbp_topic_count":0,"_bbp_reply_count":0,"_bbp_total_topic_count":0,"_bbp_total_reply_count":0,"_bbp_voice_count":0,"_bbp_anonymous_reply_count":0,"_bbp_topic_count_hidden":0,"_bbp_reply_count_hidden":0,"_bbp_forum_subforum_count":0,"footnotes":""},"categories":[3],"tags":[120,272,187,239],"class_list":["post-9771","post","type-post","status-publish","format-standard","hentry","category-infantil-3-anys","tag-ciencies-3-6","tag-experimentacio","tag-hort","tag-observacio"],"post_mailing_queue_ids":[],"_links":{"self":[{"href":"https:\/\/agora.xtec.cat\/ceipvistaalegre\/wp-json\/wp\/v2\/posts\/9771","targetHints":{"allow":["GET"]}}],"collection":[{"href":"https:\/\/agora.xtec.cat\/ceipvistaalegre\/wp-json\/wp\/v2\/posts"}],"about":[{"href":"https:\/\/agora.xtec.cat\/ceipvistaalegre\/wp-json\/wp\/v2\/types\/post"}],"author":[{"embeddable":true,"href":"https:\/\/agora.xtec.cat\/ceipvistaalegre\/wp-json\/wp\/v2\/users\/4"}],"replies":[{"embeddable":true,"href":"https:\/\/agora.xtec.cat\/ceipvistaalegre\/wp-json\/wp\/v2\/comments?post=9771"}],"version-history":[{"count":6,"href":"https:\/\/agora.xtec.cat\/ceipvistaalegre\/wp-json\/wp\/v2\/posts\/9771\/revisions"}],"predecessor-version":[{"id":9778,"href":"https:\/\/agora.xtec.cat\/ceipvistaalegre\/wp-json\/wp\/v2\/posts\/9771\/revisions\/9778"}],"wp:attachment":[{"href":"https:\/\/agora.xtec.cat\/ceipvistaalegre\/wp-json\/wp\/v2\/media?parent=9771"}],"wp:term":[{"taxonomy":"category","embeddable":true,"href":"https:\/\/agora.xtec.cat\/ceipvistaalegre\/wp-json\/wp\/v2\/categories?post=9771"},{"taxonomy":"post_tag","embeddable":true,"href":"https:\/\/agora.xtec.cat\/ceipvistaalegre\/wp-json\/wp\/v2\/tags?post=9771"}],"curies":[{"name":"wp","href":"https:\/\/api.w.org\/{rel}","templated":true}]}}