{"id":9766,"date":"2024-04-09T20:40:16","date_gmt":"2024-04-09T18:40:16","guid":{"rendered":"https:\/\/agora.xtec.cat\/ceipvistaalegre\/?p=9766"},"modified":"2024-05-07T20:29:13","modified_gmt":"2024-05-07T18:29:13","slug":"sortida-a-la-biblioteca-antoni-comas","status":"publish","type":"post","link":"https:\/\/agora.xtec.cat\/ceipvistaalegre\/infantil\/infantil-3-anys\/sortida-a-la-biblioteca-antoni-comas\/","title":{"rendered":"Sant Jordi a la Biblioteca Antoni Comas."},"content":{"rendered":"<p><a href=\"https:\/\/agora.xtec.cat\/ceipvistaalegre\/infantil\/infantil-3-anys\/sortida-a-la-biblioteca-antoni-comas\/attachment\/photo-output-10-1\/\" rel=\"attachment wp-att-9767\"><img loading=\"lazy\" decoding=\"async\" class=\"aligncenter size-full wp-image-9767\" src=\"https:\/\/agora.xtec.cat\/ceipvistaalegre\/wp-content\/uploads\/usu1936\/2024\/04\/photo-output-10-1-scaled.jpg\" alt=\"\" width=\"2560\" height=\"2560\" srcset=\"https:\/\/agora.xtec.cat\/ceipvistaalegre\/wp-content\/uploads\/usu1936\/2024\/04\/photo-output-10-1-scaled.jpg 2560w, https:\/\/agora.xtec.cat\/ceipvistaalegre\/wp-content\/uploads\/usu1936\/2024\/04\/photo-output-10-1-300x300.jpg 300w, https:\/\/agora.xtec.cat\/ceipvistaalegre\/wp-content\/uploads\/usu1936\/2024\/04\/photo-output-10-1-1024x1024.jpg 1024w, https:\/\/agora.xtec.cat\/ceipvistaalegre\/wp-content\/uploads\/usu1936\/2024\/04\/photo-output-10-1-150x150.jpg 150w, https:\/\/agora.xtec.cat\/ceipvistaalegre\/wp-content\/uploads\/usu1936\/2024\/04\/photo-output-10-1-768x768.jpg 768w, https:\/\/agora.xtec.cat\/ceipvistaalegre\/wp-content\/uploads\/usu1936\/2024\/04\/photo-output-10-1-1536x1536.jpg 1536w, https:\/\/agora.xtec.cat\/ceipvistaalegre\/wp-content\/uploads\/usu1936\/2024\/04\/photo-output-10-1-2048x2048.jpg 2048w\" sizes=\"auto, (max-width: 2560px) 100vw, 2560px\" \/><\/a><\/p>\n<p>Avui, les nenes i els nens de la classe dels Elefants hem fet una sortida a la Biblioteca Antoni Comas de Matar\u00f3. Com que ja s&#8217;apropa Sant Jordi, hem gaudit de la teatralitzaci\u00f3 d&#8217;un conte, a c\u00e0rrec de &#8220;<em>labertadelpoblet&#8221;,<\/em><span style=\"font-family: inherit; font-size: 1em;\"> on el Drac no volia menjar princeses i s&#8217;alimentava nom\u00e9s de fruites i verdures.\u00a0<\/span><\/p>\n","protected":false},"excerpt":{"rendered":"<p><a href=\"https:\/\/agora.xtec.cat\/ceipvistaalegre\/infantil\/infantil-3-anys\/sortida-a-la-biblioteca-antoni-comas\/attachment\/photo-output-10-1\/\" rel=\"attachment wp-att-9767\"><\/a><br \/>\nAvui, les nenes i els nens de la classe dels Elefants hem fet una sortida a la Biblioteca Antoni Comas de Matar\u00f3. Com que ja s&#8217;apropa Sant Jordi, hem gaudit de la teatralitzaci\u00f3 d&#8217;un conte, a c\u00e0rrec de &#8220;labertadelpoblet&#8221;, on el Drac&hellip;  <a href=\"https:\/\/agora.xtec.cat\/ceipvistaalegre\/infantil\/infantil-3-anys\/sortida-a-la-biblioteca-antoni-comas\/\" title=\"Read Sant Jordi a la Biblioteca Antoni Comas.\">Llegeix m\u00e9s\u00bb<\/a><\/p>\n","protected":false},"author":4,"featured_media":0,"comment_status":"open","ping_status":"closed","sticky":false,"template":"","format":"standard","meta":{"_bbp_topic_count":0,"_bbp_reply_count":0,"_bbp_total_topic_count":0,"_bbp_total_reply_count":0,"_bbp_voice_count":0,"_bbp_anonymous_reply_count":0,"_bbp_topic_count_hidden":0,"_bbp_reply_count_hidden":0,"_bbp_forum_subforum_count":0,"footnotes":""},"categories":[3],"tags":[302,62,301,16],"class_list":["post-9766","post","type-post","status-publish","format-standard","hentry","category-infantil-3-anys","tag-biblioteca-de-mataro","tag-contes","tag-sant-jordi-2024","tag-sortides"],"post_mailing_queue_ids":[],"_links":{"self":[{"href":"https:\/\/agora.xtec.cat\/ceipvistaalegre\/wp-json\/wp\/v2\/posts\/9766","targetHints":{"allow":["GET"]}}],"collection":[{"href":"https:\/\/agora.xtec.cat\/ceipvistaalegre\/wp-json\/wp\/v2\/posts"}],"about":[{"href":"https:\/\/agora.xtec.cat\/ceipvistaalegre\/wp-json\/wp\/v2\/types\/post"}],"author":[{"embeddable":true,"href":"https:\/\/agora.xtec.cat\/ceipvistaalegre\/wp-json\/wp\/v2\/users\/4"}],"replies":[{"embeddable":true,"href":"https:\/\/agora.xtec.cat\/ceipvistaalegre\/wp-json\/wp\/v2\/comments?post=9766"}],"version-history":[{"count":5,"href":"https:\/\/agora.xtec.cat\/ceipvistaalegre\/wp-json\/wp\/v2\/posts\/9766\/revisions"}],"predecessor-version":[{"id":9941,"href":"https:\/\/agora.xtec.cat\/ceipvistaalegre\/wp-json\/wp\/v2\/posts\/9766\/revisions\/9941"}],"wp:attachment":[{"href":"https:\/\/agora.xtec.cat\/ceipvistaalegre\/wp-json\/wp\/v2\/media?parent=9766"}],"wp:term":[{"taxonomy":"category","embeddable":true,"href":"https:\/\/agora.xtec.cat\/ceipvistaalegre\/wp-json\/wp\/v2\/categories?post=9766"},{"taxonomy":"post_tag","embeddable":true,"href":"https:\/\/agora.xtec.cat\/ceipvistaalegre\/wp-json\/wp\/v2\/tags?post=9766"}],"curies":[{"name":"wp","href":"https:\/\/api.w.org\/{rel}","templated":true}]}}