{"id":9705,"date":"2024-03-17T14:55:56","date_gmt":"2024-03-17T13:55:56","guid":{"rendered":"https:\/\/agora.xtec.cat\/ceipvistaalegre\/?p=9705"},"modified":"2024-03-17T14:55:56","modified_gmt":"2024-03-17T13:55:56","slug":"mou-te-amb-seguretat","status":"publish","type":"post","link":"https:\/\/agora.xtec.cat\/ceipvistaalegre\/primaria\/2n\/mou-te-amb-seguretat\/","title":{"rendered":"MOU-TE AMB SEGURETAT"},"content":{"rendered":"<p>Per aprendre a anar amb seguretat pels carrers de la ciutat vam visitar la comissaria de la policia municipal de Matar\u00f3. All\u00e0 l&#8217;\u00c0lex ens va fer una bona formaci\u00f3 que seguidament vam posar en pr\u00e0ctica.<\/p>\n<p>L&#8217;Abril no oblidar\u00e0 mai aquest dia en que anant pel carrer va perdre una dent i for\u00e7a estona m\u00e9s tard, mentre jug\u00e0vem al parc, l&#8217;\u00c0lex la va trobar i li va venir a portar. Mireu quin dibuix m\u00e9s bonic li ha fet l&#8217;Abril.<\/p>\n<p><a href=\"https:\/\/agora.xtec.cat\/ceipvistaalegre\/wp-content\/uploads\/usu1936\/2024\/03\/IMG_5231-scaled.jpg\"><img loading=\"lazy\" decoding=\"async\" class=\"alignnone size-large wp-image-9706\" src=\"https:\/\/agora.xtec.cat\/ceipvistaalegre\/wp-content\/uploads\/usu1936\/2024\/03\/IMG_5231-768x1024.jpg\" alt=\"\" width=\"768\" height=\"1024\" srcset=\"https:\/\/agora.xtec.cat\/ceipvistaalegre\/wp-content\/uploads\/usu1936\/2024\/03\/IMG_5231-768x1024.jpg 768w, https:\/\/agora.xtec.cat\/ceipvistaalegre\/wp-content\/uploads\/usu1936\/2024\/03\/IMG_5231-225x300.jpg 225w, https:\/\/agora.xtec.cat\/ceipvistaalegre\/wp-content\/uploads\/usu1936\/2024\/03\/IMG_5231-1152x1536.jpg 1152w, https:\/\/agora.xtec.cat\/ceipvistaalegre\/wp-content\/uploads\/usu1936\/2024\/03\/IMG_5231-1536x2048.jpg 1536w, https:\/\/agora.xtec.cat\/ceipvistaalegre\/wp-content\/uploads\/usu1936\/2024\/03\/IMG_5231-scaled.jpg 1920w\" sizes=\"auto, (max-width: 768px) 100vw, 768px\" \/><\/a><\/p>\n","protected":false},"excerpt":{"rendered":"<p>Per aprendre a anar amb seguretat pels carrers de la ciutat vam visitar la comissaria de la policia municipal de Matar\u00f3. All\u00e0 l&#8217;\u00c0lex ens va fer una bona formaci\u00f3 que seguidament vam posar en pr\u00e0ctica.<br \/>\nL&#8217;Abril no oblidar\u00e0 mai aquest dia en que anant pel carrer&hellip;  <a href=\"https:\/\/agora.xtec.cat\/ceipvistaalegre\/primaria\/2n\/mou-te-amb-seguretat\/\" title=\"Read MOU-TE AMB SEGURETAT\">Llegeix m\u00e9s\u00bb<\/a><\/p>\n","protected":false},"author":9,"featured_media":0,"comment_status":"open","ping_status":"closed","sticky":false,"template":"","format":"standard","meta":{"_bbp_topic_count":0,"_bbp_reply_count":0,"_bbp_total_topic_count":0,"_bbp_total_reply_count":0,"_bbp_voice_count":0,"_bbp_anonymous_reply_count":0,"_bbp_topic_count_hidden":0,"_bbp_reply_count_hidden":0,"_bbp_forum_subforum_count":0,"footnotes":""},"categories":[11],"tags":[],"class_list":["post-9705","post","type-post","status-publish","format-standard","hentry","category-2n"],"post_mailing_queue_ids":[],"_links":{"self":[{"href":"https:\/\/agora.xtec.cat\/ceipvistaalegre\/wp-json\/wp\/v2\/posts\/9705","targetHints":{"allow":["GET"]}}],"collection":[{"href":"https:\/\/agora.xtec.cat\/ceipvistaalegre\/wp-json\/wp\/v2\/posts"}],"about":[{"href":"https:\/\/agora.xtec.cat\/ceipvistaalegre\/wp-json\/wp\/v2\/types\/post"}],"author":[{"embeddable":true,"href":"https:\/\/agora.xtec.cat\/ceipvistaalegre\/wp-json\/wp\/v2\/users\/9"}],"replies":[{"embeddable":true,"href":"https:\/\/agora.xtec.cat\/ceipvistaalegre\/wp-json\/wp\/v2\/comments?post=9705"}],"version-history":[{"count":1,"href":"https:\/\/agora.xtec.cat\/ceipvistaalegre\/wp-json\/wp\/v2\/posts\/9705\/revisions"}],"predecessor-version":[{"id":9707,"href":"https:\/\/agora.xtec.cat\/ceipvistaalegre\/wp-json\/wp\/v2\/posts\/9705\/revisions\/9707"}],"wp:attachment":[{"href":"https:\/\/agora.xtec.cat\/ceipvistaalegre\/wp-json\/wp\/v2\/media?parent=9705"}],"wp:term":[{"taxonomy":"category","embeddable":true,"href":"https:\/\/agora.xtec.cat\/ceipvistaalegre\/wp-json\/wp\/v2\/categories?post=9705"},{"taxonomy":"post_tag","embeddable":true,"href":"https:\/\/agora.xtec.cat\/ceipvistaalegre\/wp-json\/wp\/v2\/tags?post=9705"}],"curies":[{"name":"wp","href":"https:\/\/api.w.org\/{rel}","templated":true}]}}