{"id":9700,"date":"2024-03-17T14:37:18","date_gmt":"2024-03-17T13:37:18","guid":{"rendered":"https:\/\/agora.xtec.cat\/ceipvistaalegre\/?p=9700"},"modified":"2024-03-17T14:37:18","modified_gmt":"2024-03-17T13:37:18","slug":"xerrada-s-v-b","status":"publish","type":"post","link":"https:\/\/agora.xtec.cat\/ceipvistaalegre\/primaria\/2n\/xerrada-s-v-b\/","title":{"rendered":"XERRADA S.V.B."},"content":{"rendered":"<p>Aquesta setmana ens han visitat en Sergi i la Regina, pare i tieta de la J\u00falia, per fer-nos una xerrada sobre Suport Vital B\u00e0sic. S\u00f3n experts en el tema don\u00e7 treballen en el servei d&#8217;urg\u00e8ncies de les ambul\u00e0ncies, i la seva feina \u00e9s salvar vides en situaci\u00f3 de risc. Hem apr\u00e9s de primera m\u00e0 com actuar en cas d&#8217;emerg\u00e8ncia. Moltes gr\u00e0cies fam\u00edlia!<\/p>\n<p><a href=\"https:\/\/agora.xtec.cat\/ceipvistaalegre\/wp-content\/uploads\/usu1936\/2024\/03\/IMG_5304-scaled.jpg\"><img loading=\"lazy\" decoding=\"async\" class=\"alignnone size-large wp-image-9703\" src=\"https:\/\/agora.xtec.cat\/ceipvistaalegre\/wp-content\/uploads\/usu1936\/2024\/03\/IMG_5304-1024x768.jpg\" alt=\"\" width=\"1024\" height=\"768\" srcset=\"https:\/\/agora.xtec.cat\/ceipvistaalegre\/wp-content\/uploads\/usu1936\/2024\/03\/IMG_5304-1024x768.jpg 1024w, https:\/\/agora.xtec.cat\/ceipvistaalegre\/wp-content\/uploads\/usu1936\/2024\/03\/IMG_5304-300x225.jpg 300w, https:\/\/agora.xtec.cat\/ceipvistaalegre\/wp-content\/uploads\/usu1936\/2024\/03\/IMG_5304-768x576.jpg 768w, https:\/\/agora.xtec.cat\/ceipvistaalegre\/wp-content\/uploads\/usu1936\/2024\/03\/IMG_5304-1536x1152.jpg 1536w, https:\/\/agora.xtec.cat\/ceipvistaalegre\/wp-content\/uploads\/usu1936\/2024\/03\/IMG_5304-2048x1536.jpg 2048w, https:\/\/agora.xtec.cat\/ceipvistaalegre\/wp-content\/uploads\/usu1936\/2024\/03\/IMG_5304-200x150.jpg 200w\" sizes=\"auto, (max-width: 1024px) 100vw, 1024px\" \/><\/a><\/p>\n","protected":false},"excerpt":{"rendered":"<p>Aquesta setmana ens han visitat en Sergi i la Regina, pare i tieta de la J\u00falia, per fer-nos una xerrada sobre Suport Vital B\u00e0sic. S\u00f3n experts en el tema don\u00e7 treballen en el servei d&#8217;urg\u00e8ncies de les ambul\u00e0ncies, i la seva feina \u00e9s salvar vides&hellip;  <a href=\"https:\/\/agora.xtec.cat\/ceipvistaalegre\/primaria\/2n\/xerrada-s-v-b\/\" title=\"Read XERRADA S.V.B.\">Llegeix m\u00e9s\u00bb<\/a><\/p>\n","protected":false},"author":9,"featured_media":0,"comment_status":"open","ping_status":"closed","sticky":false,"template":"","format":"standard","meta":{"_bbp_topic_count":0,"_bbp_reply_count":0,"_bbp_total_topic_count":0,"_bbp_total_reply_count":0,"_bbp_voice_count":0,"_bbp_anonymous_reply_count":0,"_bbp_topic_count_hidden":0,"_bbp_reply_count_hidden":0,"_bbp_forum_subforum_count":0,"footnotes":""},"categories":[11],"tags":[],"class_list":["post-9700","post","type-post","status-publish","format-standard","hentry","category-2n"],"post_mailing_queue_ids":[],"_links":{"self":[{"href":"https:\/\/agora.xtec.cat\/ceipvistaalegre\/wp-json\/wp\/v2\/posts\/9700","targetHints":{"allow":["GET"]}}],"collection":[{"href":"https:\/\/agora.xtec.cat\/ceipvistaalegre\/wp-json\/wp\/v2\/posts"}],"about":[{"href":"https:\/\/agora.xtec.cat\/ceipvistaalegre\/wp-json\/wp\/v2\/types\/post"}],"author":[{"embeddable":true,"href":"https:\/\/agora.xtec.cat\/ceipvistaalegre\/wp-json\/wp\/v2\/users\/9"}],"replies":[{"embeddable":true,"href":"https:\/\/agora.xtec.cat\/ceipvistaalegre\/wp-json\/wp\/v2\/comments?post=9700"}],"version-history":[{"count":2,"href":"https:\/\/agora.xtec.cat\/ceipvistaalegre\/wp-json\/wp\/v2\/posts\/9700\/revisions"}],"predecessor-version":[{"id":9704,"href":"https:\/\/agora.xtec.cat\/ceipvistaalegre\/wp-json\/wp\/v2\/posts\/9700\/revisions\/9704"}],"wp:attachment":[{"href":"https:\/\/agora.xtec.cat\/ceipvistaalegre\/wp-json\/wp\/v2\/media?parent=9700"}],"wp:term":[{"taxonomy":"category","embeddable":true,"href":"https:\/\/agora.xtec.cat\/ceipvistaalegre\/wp-json\/wp\/v2\/categories?post=9700"},{"taxonomy":"post_tag","embeddable":true,"href":"https:\/\/agora.xtec.cat\/ceipvistaalegre\/wp-json\/wp\/v2\/tags?post=9700"}],"curies":[{"name":"wp","href":"https:\/\/api.w.org\/{rel}","templated":true}]}}