{"id":9687,"date":"2024-03-06T17:45:09","date_gmt":"2024-03-06T16:45:09","guid":{"rendered":"https:\/\/agora.xtec.cat\/ceipvistaalegre\/?p=9687"},"modified":"2024-03-06T17:45:09","modified_gmt":"2024-03-06T16:45:09","slug":"auditori-de-barcelona","status":"publish","type":"post","link":"https:\/\/agora.xtec.cat\/ceipvistaalegre\/primaria\/6e\/auditori-de-barcelona\/","title":{"rendered":"Auditori de Barcelona"},"content":{"rendered":"<p>Avui els nens i nenes de ss\u00e8 hem anat a l&#8217;Auditori a fer l&#8217;activitat: &#8220;La M\u00fasica i les noves tecnologies&#8221;. Ha estat una visita dinamitzada m\u00e9s taller participatiu.<\/p>\n<p>S&#8217;ha fet una visita tem\u00e0tica per observar i reflexionar sobre els aven\u00e7os tecnol\u00f2gics en el m\u00f3n de la m\u00fasica i sobre la manera com han incidit en la creaci\u00f3 musical i la seva difusi\u00f3 en s\u00e8rie. Des de capses de m\u00fasica, rotlles de pianola, gram\u00f2fons, sintetitzadors i altres invents del s. XXI.<\/p>\n<p><img loading=\"lazy\" decoding=\"async\" class=\"alignnone  wp-image-9688\" src=\"https:\/\/agora.xtec.cat\/ceipvistaalegre\/wp-content\/uploads\/usu1936\/2024\/03\/WhatsApp-Image-2024-03-06-at-17.43.03-1024x768.jpeg\" alt=\"\" width=\"280\" height=\"210\" srcset=\"https:\/\/agora.xtec.cat\/ceipvistaalegre\/wp-content\/uploads\/usu1936\/2024\/03\/WhatsApp-Image-2024-03-06-at-17.43.03-1024x768.jpeg 1024w, https:\/\/agora.xtec.cat\/ceipvistaalegre\/wp-content\/uploads\/usu1936\/2024\/03\/WhatsApp-Image-2024-03-06-at-17.43.03-300x225.jpeg 300w, https:\/\/agora.xtec.cat\/ceipvistaalegre\/wp-content\/uploads\/usu1936\/2024\/03\/WhatsApp-Image-2024-03-06-at-17.43.03-768x576.jpeg 768w, https:\/\/agora.xtec.cat\/ceipvistaalegre\/wp-content\/uploads\/usu1936\/2024\/03\/WhatsApp-Image-2024-03-06-at-17.43.03-1536x1152.jpeg 1536w, https:\/\/agora.xtec.cat\/ceipvistaalegre\/wp-content\/uploads\/usu1936\/2024\/03\/WhatsApp-Image-2024-03-06-at-17.43.03-200x150.jpeg 200w, https:\/\/agora.xtec.cat\/ceipvistaalegre\/wp-content\/uploads\/usu1936\/2024\/03\/WhatsApp-Image-2024-03-06-at-17.43.03.jpeg 2048w\" sizes=\"auto, (max-width: 280px) 100vw, 280px\" \/><\/p>\n<p><a href=\"https:\/\/agora.xtec.cat\/ceipvistaalegre\/wp-content\/uploads\/usu1936\/2024\/03\/WhatsApp-Image-2024-03-06-at-17.43.32.jpeg\"><img loading=\"lazy\" decoding=\"async\" class=\"alignnone  wp-image-9689\" src=\"https:\/\/agora.xtec.cat\/ceipvistaalegre\/wp-content\/uploads\/usu1936\/2024\/03\/WhatsApp-Image-2024-03-06-at-17.43.32-1024x768.jpeg\" alt=\"\" width=\"284\" height=\"213\" srcset=\"https:\/\/agora.xtec.cat\/ceipvistaalegre\/wp-content\/uploads\/usu1936\/2024\/03\/WhatsApp-Image-2024-03-06-at-17.43.32-1024x768.jpeg 1024w, https:\/\/agora.xtec.cat\/ceipvistaalegre\/wp-content\/uploads\/usu1936\/2024\/03\/WhatsApp-Image-2024-03-06-at-17.43.32-300x225.jpeg 300w, https:\/\/agora.xtec.cat\/ceipvistaalegre\/wp-content\/uploads\/usu1936\/2024\/03\/WhatsApp-Image-2024-03-06-at-17.43.32-768x576.jpeg 768w, https:\/\/agora.xtec.cat\/ceipvistaalegre\/wp-content\/uploads\/usu1936\/2024\/03\/WhatsApp-Image-2024-03-06-at-17.43.32-1536x1152.jpeg 1536w, https:\/\/agora.xtec.cat\/ceipvistaalegre\/wp-content\/uploads\/usu1936\/2024\/03\/WhatsApp-Image-2024-03-06-at-17.43.32-200x150.jpeg 200w, https:\/\/agora.xtec.cat\/ceipvistaalegre\/wp-content\/uploads\/usu1936\/2024\/03\/WhatsApp-Image-2024-03-06-at-17.43.32.jpeg 2048w\" sizes=\"auto, (max-width: 284px) 100vw, 284px\" \/><\/a><\/p>\n<p>&nbsp;<\/p>\n","protected":false},"excerpt":{"rendered":"<p>Avui els nens i nenes de ss\u00e8 hem anat a l&#8217;Auditori a fer l&#8217;activitat: &#8220;La M\u00fasica i les noves tecnologies&#8221;. Ha estat una visita dinamitzada m\u00e9s taller participatiu.<br \/>\nS&#8217;ha fet una visita tem\u00e0tica per observar i reflexionar sobre els aven\u00e7os tecnol\u00f2gics en el m\u00f3n de la&hellip;  <a href=\"https:\/\/agora.xtec.cat\/ceipvistaalegre\/primaria\/6e\/auditori-de-barcelona\/\" title=\"Read Auditori de Barcelona\">Llegeix m\u00e9s\u00bb<\/a><\/p>\n","protected":false},"author":18,"featured_media":0,"comment_status":"open","ping_status":"closed","sticky":false,"template":"","format":"standard","meta":{"_bbp_topic_count":0,"_bbp_reply_count":0,"_bbp_total_topic_count":0,"_bbp_total_reply_count":0,"_bbp_voice_count":0,"_bbp_anonymous_reply_count":0,"_bbp_topic_count_hidden":0,"_bbp_reply_count_hidden":0,"_bbp_forum_subforum_count":0,"footnotes":""},"categories":[15],"tags":[],"class_list":["post-9687","post","type-post","status-publish","format-standard","hentry","category-6e"],"post_mailing_queue_ids":[],"_links":{"self":[{"href":"https:\/\/agora.xtec.cat\/ceipvistaalegre\/wp-json\/wp\/v2\/posts\/9687","targetHints":{"allow":["GET"]}}],"collection":[{"href":"https:\/\/agora.xtec.cat\/ceipvistaalegre\/wp-json\/wp\/v2\/posts"}],"about":[{"href":"https:\/\/agora.xtec.cat\/ceipvistaalegre\/wp-json\/wp\/v2\/types\/post"}],"author":[{"embeddable":true,"href":"https:\/\/agora.xtec.cat\/ceipvistaalegre\/wp-json\/wp\/v2\/users\/18"}],"replies":[{"embeddable":true,"href":"https:\/\/agora.xtec.cat\/ceipvistaalegre\/wp-json\/wp\/v2\/comments?post=9687"}],"version-history":[{"count":1,"href":"https:\/\/agora.xtec.cat\/ceipvistaalegre\/wp-json\/wp\/v2\/posts\/9687\/revisions"}],"predecessor-version":[{"id":9690,"href":"https:\/\/agora.xtec.cat\/ceipvistaalegre\/wp-json\/wp\/v2\/posts\/9687\/revisions\/9690"}],"wp:attachment":[{"href":"https:\/\/agora.xtec.cat\/ceipvistaalegre\/wp-json\/wp\/v2\/media?parent=9687"}],"wp:term":[{"taxonomy":"category","embeddable":true,"href":"https:\/\/agora.xtec.cat\/ceipvistaalegre\/wp-json\/wp\/v2\/categories?post=9687"},{"taxonomy":"post_tag","embeddable":true,"href":"https:\/\/agora.xtec.cat\/ceipvistaalegre\/wp-json\/wp\/v2\/tags?post=9687"}],"curies":[{"name":"wp","href":"https:\/\/api.w.org\/{rel}","templated":true}]}}