{"id":9681,"date":"2024-03-06T07:16:50","date_gmt":"2024-03-06T06:16:50","guid":{"rendered":"https:\/\/agora.xtec.cat\/ceipvistaalegre\/?p=9681"},"modified":"2024-03-06T07:16:50","modified_gmt":"2024-03-06T06:16:50","slug":"projecte-radio","status":"publish","type":"post","link":"https:\/\/agora.xtec.cat\/ceipvistaalegre\/primaria\/5e\/projecte-radio\/","title":{"rendered":"Projecte r\u00e0dio"},"content":{"rendered":"<p>A l&#8217;escola volem posar en marxa un projecte de r\u00e0dio. Per\u00f2&#8230; Per on hem de comen\u00e7ar? Qu\u00e8 necessitem?<\/p>\n<p>Una representaci\u00f3 de l&#8217;alumnat de 5\u00e8 i 6\u00e8 ha visitat l&#8217;escola Anxaneta de Matar\u00f3 per veure de primera m\u00e0 com es fa un projecte de r\u00e0dio, ja que en aquesta escola fa molt de temps que el porten a terme. All\u00e0 han vist la gravaci\u00f3 del programa, qu\u00e8 es necessita i qu\u00e8 s&#8217;ha de tenir en compte per poder fer-ho.<\/p>\n<p>Gr\u00e0cies per compartir amb nosaltres la vostra feina!<\/p>\n<p><a href=\"https:\/\/agora.xtec.cat\/ceipvistaalegre\/wp-content\/uploads\/usu1936\/2024\/03\/web-scaled.jpg\"><img loading=\"lazy\" decoding=\"async\" class=\"wp-image-9682 aligncenter\" src=\"https:\/\/agora.xtec.cat\/ceipvistaalegre\/wp-content\/uploads\/usu1936\/2024\/03\/web-1024x768.jpg\" alt=\"\" width=\"520\" height=\"390\" srcset=\"https:\/\/agora.xtec.cat\/ceipvistaalegre\/wp-content\/uploads\/usu1936\/2024\/03\/web-1024x768.jpg 1024w, https:\/\/agora.xtec.cat\/ceipvistaalegre\/wp-content\/uploads\/usu1936\/2024\/03\/web-300x225.jpg 300w, https:\/\/agora.xtec.cat\/ceipvistaalegre\/wp-content\/uploads\/usu1936\/2024\/03\/web-768x576.jpg 768w, https:\/\/agora.xtec.cat\/ceipvistaalegre\/wp-content\/uploads\/usu1936\/2024\/03\/web-1536x1152.jpg 1536w, https:\/\/agora.xtec.cat\/ceipvistaalegre\/wp-content\/uploads\/usu1936\/2024\/03\/web-2048x1536.jpg 2048w, https:\/\/agora.xtec.cat\/ceipvistaalegre\/wp-content\/uploads\/usu1936\/2024\/03\/web-200x150.jpg 200w\" sizes=\"auto, (max-width: 520px) 100vw, 520px\" \/><\/a><\/p>\n","protected":false},"excerpt":{"rendered":"<p>A l&#8217;escola volem posar en marxa un projecte de r\u00e0dio. Per\u00f2&#8230; Per on hem de comen\u00e7ar? Qu\u00e8 necessitem?<br \/>\nUna representaci\u00f3 de l&#8217;alumnat de 5\u00e8 i 6\u00e8 ha visitat l&#8217;escola Anxaneta de Matar\u00f3 per veure de primera m\u00e0 com es fa un projecte de r\u00e0dio, ja que&hellip;  <a href=\"https:\/\/agora.xtec.cat\/ceipvistaalegre\/primaria\/5e\/projecte-radio\/\" title=\"Read Projecte r\u00e0dio\">Llegeix m\u00e9s\u00bb<\/a><\/p>\n","protected":false},"author":3,"featured_media":0,"comment_status":"open","ping_status":"closed","sticky":false,"template":"","format":"standard","meta":{"_bbp_topic_count":0,"_bbp_reply_count":0,"_bbp_total_topic_count":0,"_bbp_total_reply_count":0,"_bbp_voice_count":0,"_bbp_anonymous_reply_count":0,"_bbp_topic_count_hidden":0,"_bbp_reply_count_hidden":0,"_bbp_forum_subforum_count":0,"footnotes":""},"categories":[14,15],"tags":[],"class_list":["post-9681","post","type-post","status-publish","format-standard","hentry","category-5e","category-6e"],"post_mailing_queue_ids":[],"_links":{"self":[{"href":"https:\/\/agora.xtec.cat\/ceipvistaalegre\/wp-json\/wp\/v2\/posts\/9681","targetHints":{"allow":["GET"]}}],"collection":[{"href":"https:\/\/agora.xtec.cat\/ceipvistaalegre\/wp-json\/wp\/v2\/posts"}],"about":[{"href":"https:\/\/agora.xtec.cat\/ceipvistaalegre\/wp-json\/wp\/v2\/types\/post"}],"author":[{"embeddable":true,"href":"https:\/\/agora.xtec.cat\/ceipvistaalegre\/wp-json\/wp\/v2\/users\/3"}],"replies":[{"embeddable":true,"href":"https:\/\/agora.xtec.cat\/ceipvistaalegre\/wp-json\/wp\/v2\/comments?post=9681"}],"version-history":[{"count":1,"href":"https:\/\/agora.xtec.cat\/ceipvistaalegre\/wp-json\/wp\/v2\/posts\/9681\/revisions"}],"predecessor-version":[{"id":9683,"href":"https:\/\/agora.xtec.cat\/ceipvistaalegre\/wp-json\/wp\/v2\/posts\/9681\/revisions\/9683"}],"wp:attachment":[{"href":"https:\/\/agora.xtec.cat\/ceipvistaalegre\/wp-json\/wp\/v2\/media?parent=9681"}],"wp:term":[{"taxonomy":"category","embeddable":true,"href":"https:\/\/agora.xtec.cat\/ceipvistaalegre\/wp-json\/wp\/v2\/categories?post=9681"},{"taxonomy":"post_tag","embeddable":true,"href":"https:\/\/agora.xtec.cat\/ceipvistaalegre\/wp-json\/wp\/v2\/tags?post=9681"}],"curies":[{"name":"wp","href":"https:\/\/api.w.org\/{rel}","templated":true}]}}