{"id":9667,"date":"2024-03-01T20:04:53","date_gmt":"2024-03-01T19:04:53","guid":{"rendered":"https:\/\/agora.xtec.cat\/ceipvistaalegre\/?p=9667"},"modified":"2024-03-01T20:04:53","modified_gmt":"2024-03-01T19:04:53","slug":"xerrada-diversitat-de-genere","status":"publish","type":"post","link":"https:\/\/agora.xtec.cat\/ceipvistaalegre\/primaria\/6e\/xerrada-diversitat-de-genere\/","title":{"rendered":"Xerrada: &#8220;Diversitat de g\u00e8nere&#8221;"},"content":{"rendered":"<p>Avui els vostres fills i filles han escoltat una xerrada molt interessant sobre &#8220;La diversitat de g\u00e8nere&#8221;. S&#8217;ha parlat de la diversitat sexual que inclou totes les formes d&#8217;identitat sexual: sexe, identitat de g\u00e8nere, expressi\u00f3 de g\u00e8nere, orientaci\u00f3 sexual i orientaci\u00f3 afectiva. Socialment es reivindica l&#8217;acceptaci\u00f3 de qualsevol forma de ser, amb iguals drets, llibertats i oportunitats, dins del marc dels drets humans.<\/p>\n<p><img loading=\"lazy\" decoding=\"async\" class=\"alignnone  wp-image-9668\" src=\"https:\/\/agora.xtec.cat\/ceipvistaalegre\/wp-content\/uploads\/usu1936\/2024\/03\/WhatsApp-Image-2024-03-01-at-20.00.07-768x1024.jpeg\" alt=\"\" width=\"273\" height=\"364\" srcset=\"https:\/\/agora.xtec.cat\/ceipvistaalegre\/wp-content\/uploads\/usu1936\/2024\/03\/WhatsApp-Image-2024-03-01-at-20.00.07-768x1024.jpeg 768w, https:\/\/agora.xtec.cat\/ceipvistaalegre\/wp-content\/uploads\/usu1936\/2024\/03\/WhatsApp-Image-2024-03-01-at-20.00.07-225x300.jpeg 225w, https:\/\/agora.xtec.cat\/ceipvistaalegre\/wp-content\/uploads\/usu1936\/2024\/03\/WhatsApp-Image-2024-03-01-at-20.00.07-1152x1536.jpeg 1152w, https:\/\/agora.xtec.cat\/ceipvistaalegre\/wp-content\/uploads\/usu1936\/2024\/03\/WhatsApp-Image-2024-03-01-at-20.00.07.jpeg 1536w\" sizes=\"auto, (max-width: 273px) 100vw, 273px\" \/><\/p>\n<p><img loading=\"lazy\" decoding=\"async\" class=\"alignnone  wp-image-9669\" src=\"https:\/\/agora.xtec.cat\/ceipvistaalegre\/wp-content\/uploads\/usu1936\/2024\/03\/WhatsApp-Image-2024-03-01-at-19.59.28-1024x768.jpeg\" alt=\"\" width=\"284\" height=\"213\" srcset=\"https:\/\/agora.xtec.cat\/ceipvistaalegre\/wp-content\/uploads\/usu1936\/2024\/03\/WhatsApp-Image-2024-03-01-at-19.59.28-1024x768.jpeg 1024w, https:\/\/agora.xtec.cat\/ceipvistaalegre\/wp-content\/uploads\/usu1936\/2024\/03\/WhatsApp-Image-2024-03-01-at-19.59.28-300x225.jpeg 300w, https:\/\/agora.xtec.cat\/ceipvistaalegre\/wp-content\/uploads\/usu1936\/2024\/03\/WhatsApp-Image-2024-03-01-at-19.59.28-768x576.jpeg 768w, https:\/\/agora.xtec.cat\/ceipvistaalegre\/wp-content\/uploads\/usu1936\/2024\/03\/WhatsApp-Image-2024-03-01-at-19.59.28-1536x1152.jpeg 1536w, https:\/\/agora.xtec.cat\/ceipvistaalegre\/wp-content\/uploads\/usu1936\/2024\/03\/WhatsApp-Image-2024-03-01-at-19.59.28-200x150.jpeg 200w, https:\/\/agora.xtec.cat\/ceipvistaalegre\/wp-content\/uploads\/usu1936\/2024\/03\/WhatsApp-Image-2024-03-01-at-19.59.28.jpeg 2048w\" sizes=\"auto, (max-width: 284px) 100vw, 284px\" \/><\/p>\n<p>&nbsp;<\/p>\n","protected":false},"excerpt":{"rendered":"<p>Avui els vostres fills i filles han escoltat una xerrada molt interessant sobre &#8220;La diversitat de g\u00e8nere&#8221;. S&#8217;ha parlat de la diversitat sexual que inclou totes les formes d&#8217;identitat sexual: sexe, identitat de g\u00e8nere, expressi\u00f3 de g\u00e8nere, orientaci\u00f3 sexual i orientaci\u00f3 afectiva. Socialment es reivindica&hellip;  <a href=\"https:\/\/agora.xtec.cat\/ceipvistaalegre\/primaria\/6e\/xerrada-diversitat-de-genere\/\" title=\"Read Xerrada: &#8220;Diversitat de g\u00e8nere&#8221;\">Llegeix m\u00e9s\u00bb<\/a><\/p>\n","protected":false},"author":18,"featured_media":0,"comment_status":"open","ping_status":"closed","sticky":false,"template":"","format":"standard","meta":{"_bbp_topic_count":0,"_bbp_reply_count":0,"_bbp_total_topic_count":0,"_bbp_total_reply_count":0,"_bbp_voice_count":0,"_bbp_anonymous_reply_count":0,"_bbp_topic_count_hidden":0,"_bbp_reply_count_hidden":0,"_bbp_forum_subforum_count":0,"footnotes":""},"categories":[15],"tags":[],"class_list":["post-9667","post","type-post","status-publish","format-standard","hentry","category-6e"],"post_mailing_queue_ids":[],"_links":{"self":[{"href":"https:\/\/agora.xtec.cat\/ceipvistaalegre\/wp-json\/wp\/v2\/posts\/9667","targetHints":{"allow":["GET"]}}],"collection":[{"href":"https:\/\/agora.xtec.cat\/ceipvistaalegre\/wp-json\/wp\/v2\/posts"}],"about":[{"href":"https:\/\/agora.xtec.cat\/ceipvistaalegre\/wp-json\/wp\/v2\/types\/post"}],"author":[{"embeddable":true,"href":"https:\/\/agora.xtec.cat\/ceipvistaalegre\/wp-json\/wp\/v2\/users\/18"}],"replies":[{"embeddable":true,"href":"https:\/\/agora.xtec.cat\/ceipvistaalegre\/wp-json\/wp\/v2\/comments?post=9667"}],"version-history":[{"count":1,"href":"https:\/\/agora.xtec.cat\/ceipvistaalegre\/wp-json\/wp\/v2\/posts\/9667\/revisions"}],"predecessor-version":[{"id":9670,"href":"https:\/\/agora.xtec.cat\/ceipvistaalegre\/wp-json\/wp\/v2\/posts\/9667\/revisions\/9670"}],"wp:attachment":[{"href":"https:\/\/agora.xtec.cat\/ceipvistaalegre\/wp-json\/wp\/v2\/media?parent=9667"}],"wp:term":[{"taxonomy":"category","embeddable":true,"href":"https:\/\/agora.xtec.cat\/ceipvistaalegre\/wp-json\/wp\/v2\/categories?post=9667"},{"taxonomy":"post_tag","embeddable":true,"href":"https:\/\/agora.xtec.cat\/ceipvistaalegre\/wp-json\/wp\/v2\/tags?post=9667"}],"curies":[{"name":"wp","href":"https:\/\/api.w.org\/{rel}","templated":true}]}}