{"id":9660,"date":"2024-02-28T17:33:11","date_gmt":"2024-02-28T16:33:11","guid":{"rendered":"https:\/\/agora.xtec.cat\/ceipvistaalegre\/?p=9660"},"modified":"2024-02-28T17:33:11","modified_gmt":"2024-02-28T16:33:11","slug":"sortida-coneguem-els-nostres-parcs-2","status":"publish","type":"post","link":"https:\/\/agora.xtec.cat\/ceipvistaalegre\/primaria\/6e\/sortida-coneguem-els-nostres-parcs-2\/","title":{"rendered":"Sortida : &#8220;Coneguem els nostres parcs&#8221;"},"content":{"rendered":"<p>Avui els alumnes de sis\u00e8 hem anat al Parc del Montnegre i el Corredor. Hem fet un itinerari pedag\u00f2gic guiat per un educador ambiental especialitzat en espais naturals protegits de la Xarxa de Parcs Naturals.<\/p>\n<p>Aquesta sortida pret\u00e9n que els alumnes coneguin el medi natural m\u00e9s proper i la sensibilitzaci\u00f3 envers el patrimoni natural i cultural.<\/p>\n<p><img loading=\"lazy\" decoding=\"async\" class=\"alignnone  wp-image-9661\" src=\"https:\/\/agora.xtec.cat\/ceipvistaalegre\/wp-content\/uploads\/usu1936\/2024\/02\/WhatsApp-Image-2024-02-28-at-17.16.14-1024x768.jpeg\" alt=\"\" width=\"387\" height=\"290\" srcset=\"https:\/\/agora.xtec.cat\/ceipvistaalegre\/wp-content\/uploads\/usu1936\/2024\/02\/WhatsApp-Image-2024-02-28-at-17.16.14-1024x768.jpeg 1024w, https:\/\/agora.xtec.cat\/ceipvistaalegre\/wp-content\/uploads\/usu1936\/2024\/02\/WhatsApp-Image-2024-02-28-at-17.16.14-300x225.jpeg 300w, https:\/\/agora.xtec.cat\/ceipvistaalegre\/wp-content\/uploads\/usu1936\/2024\/02\/WhatsApp-Image-2024-02-28-at-17.16.14-768x576.jpeg 768w, https:\/\/agora.xtec.cat\/ceipvistaalegre\/wp-content\/uploads\/usu1936\/2024\/02\/WhatsApp-Image-2024-02-28-at-17.16.14-1536x1152.jpeg 1536w, https:\/\/agora.xtec.cat\/ceipvistaalegre\/wp-content\/uploads\/usu1936\/2024\/02\/WhatsApp-Image-2024-02-28-at-17.16.14-200x150.jpeg 200w, https:\/\/agora.xtec.cat\/ceipvistaalegre\/wp-content\/uploads\/usu1936\/2024\/02\/WhatsApp-Image-2024-02-28-at-17.16.14.jpeg 2048w\" sizes=\"auto, (max-width: 387px) 100vw, 387px\" \/><\/p>\n<p>&nbsp;<\/p>\n<p><img loading=\"lazy\" decoding=\"async\" class=\"alignnone  wp-image-9662\" src=\"https:\/\/agora.xtec.cat\/ceipvistaalegre\/wp-content\/uploads\/usu1936\/2024\/02\/WhatsApp-Image-2024-02-28-at-17.16.41-1024x768.jpeg\" alt=\"\" width=\"411\" height=\"308\" srcset=\"https:\/\/agora.xtec.cat\/ceipvistaalegre\/wp-content\/uploads\/usu1936\/2024\/02\/WhatsApp-Image-2024-02-28-at-17.16.41-1024x768.jpeg 1024w, https:\/\/agora.xtec.cat\/ceipvistaalegre\/wp-content\/uploads\/usu1936\/2024\/02\/WhatsApp-Image-2024-02-28-at-17.16.41-300x225.jpeg 300w, https:\/\/agora.xtec.cat\/ceipvistaalegre\/wp-content\/uploads\/usu1936\/2024\/02\/WhatsApp-Image-2024-02-28-at-17.16.41-768x576.jpeg 768w, https:\/\/agora.xtec.cat\/ceipvistaalegre\/wp-content\/uploads\/usu1936\/2024\/02\/WhatsApp-Image-2024-02-28-at-17.16.41-1536x1152.jpeg 1536w, https:\/\/agora.xtec.cat\/ceipvistaalegre\/wp-content\/uploads\/usu1936\/2024\/02\/WhatsApp-Image-2024-02-28-at-17.16.41-200x150.jpeg 200w, https:\/\/agora.xtec.cat\/ceipvistaalegre\/wp-content\/uploads\/usu1936\/2024\/02\/WhatsApp-Image-2024-02-28-at-17.16.41.jpeg 2048w\" sizes=\"auto, (max-width: 411px) 100vw, 411px\" \/><\/p>\n","protected":false},"excerpt":{"rendered":"<p>Avui els alumnes de sis\u00e8 hem anat al Parc del Montnegre i el Corredor. Hem fet un itinerari pedag\u00f2gic guiat per un educador ambiental especialitzat en espais naturals protegits de la Xarxa de Parcs Naturals.<br \/>\nAquesta sortida pret\u00e9n que els alumnes coneguin el medi natural m\u00e9s&hellip;  <a href=\"https:\/\/agora.xtec.cat\/ceipvistaalegre\/primaria\/6e\/sortida-coneguem-els-nostres-parcs-2\/\" title=\"Read Sortida : &#8220;Coneguem els nostres parcs&#8221;\">Llegeix m\u00e9s\u00bb<\/a><\/p>\n","protected":false},"author":18,"featured_media":0,"comment_status":"open","ping_status":"closed","sticky":false,"template":"","format":"standard","meta":{"_bbp_topic_count":0,"_bbp_reply_count":0,"_bbp_total_topic_count":0,"_bbp_total_reply_count":0,"_bbp_voice_count":0,"_bbp_anonymous_reply_count":0,"_bbp_topic_count_hidden":0,"_bbp_reply_count_hidden":0,"_bbp_forum_subforum_count":0,"footnotes":""},"categories":[15],"tags":[],"class_list":["post-9660","post","type-post","status-publish","format-standard","hentry","category-6e"],"post_mailing_queue_ids":[],"_links":{"self":[{"href":"https:\/\/agora.xtec.cat\/ceipvistaalegre\/wp-json\/wp\/v2\/posts\/9660","targetHints":{"allow":["GET"]}}],"collection":[{"href":"https:\/\/agora.xtec.cat\/ceipvistaalegre\/wp-json\/wp\/v2\/posts"}],"about":[{"href":"https:\/\/agora.xtec.cat\/ceipvistaalegre\/wp-json\/wp\/v2\/types\/post"}],"author":[{"embeddable":true,"href":"https:\/\/agora.xtec.cat\/ceipvistaalegre\/wp-json\/wp\/v2\/users\/18"}],"replies":[{"embeddable":true,"href":"https:\/\/agora.xtec.cat\/ceipvistaalegre\/wp-json\/wp\/v2\/comments?post=9660"}],"version-history":[{"count":1,"href":"https:\/\/agora.xtec.cat\/ceipvistaalegre\/wp-json\/wp\/v2\/posts\/9660\/revisions"}],"predecessor-version":[{"id":9663,"href":"https:\/\/agora.xtec.cat\/ceipvistaalegre\/wp-json\/wp\/v2\/posts\/9660\/revisions\/9663"}],"wp:attachment":[{"href":"https:\/\/agora.xtec.cat\/ceipvistaalegre\/wp-json\/wp\/v2\/media?parent=9660"}],"wp:term":[{"taxonomy":"category","embeddable":true,"href":"https:\/\/agora.xtec.cat\/ceipvistaalegre\/wp-json\/wp\/v2\/categories?post=9660"},{"taxonomy":"post_tag","embeddable":true,"href":"https:\/\/agora.xtec.cat\/ceipvistaalegre\/wp-json\/wp\/v2\/tags?post=9660"}],"curies":[{"name":"wp","href":"https:\/\/api.w.org\/{rel}","templated":true}]}}