{"id":9635,"date":"2024-02-23T19:11:59","date_gmt":"2024-02-23T18:11:59","guid":{"rendered":"https:\/\/agora.xtec.cat\/ceipvistaalegre\/?p=9635"},"modified":"2024-02-23T19:11:59","modified_gmt":"2024-02-23T18:11:59","slug":"biblioteca-antoni-comas","status":"publish","type":"post","link":"https:\/\/agora.xtec.cat\/ceipvistaalegre\/primaria\/6e\/biblioteca-antoni-comas\/","title":{"rendered":"Biblioteca Antoni Comas"},"content":{"rendered":"<p>Avui els nens i nenes de sis\u00e8 hem anat a la biblioteca Antoni Comas, a veure una exposici\u00f3 sobre &#8220;Les lleng\u00fces dels catalans, les lleng\u00fces de Matar\u00f3&#8221;.<\/p>\n<p>En questa exposici\u00f3 guiada per dos t\u00e8cnics, un \u00e0rab i l&#8217;altre xin\u00e8s del Servei de Primera Acollida, ens han explicat la import\u00e0ncia i el sentiment de pertinen\u00e7a de cada persona a les diferents lleng\u00fces que parla. Despr\u00e9s\u00a0 a cada nen i nena els\u00a0 han escrit el seu nom en \u00e0rab i xin\u00e8s.<\/p>\n<p><img loading=\"lazy\" decoding=\"async\" class=\"alignnone  wp-image-9636\" src=\"https:\/\/agora.xtec.cat\/ceipvistaalegre\/wp-content\/uploads\/usu1936\/2024\/02\/WhatsApp-Image-2024-02-23-at-19.08.28-1024x768.jpeg\" alt=\"\" width=\"351\" height=\"263\" srcset=\"https:\/\/agora.xtec.cat\/ceipvistaalegre\/wp-content\/uploads\/usu1936\/2024\/02\/WhatsApp-Image-2024-02-23-at-19.08.28-1024x768.jpeg 1024w, https:\/\/agora.xtec.cat\/ceipvistaalegre\/wp-content\/uploads\/usu1936\/2024\/02\/WhatsApp-Image-2024-02-23-at-19.08.28-300x225.jpeg 300w, https:\/\/agora.xtec.cat\/ceipvistaalegre\/wp-content\/uploads\/usu1936\/2024\/02\/WhatsApp-Image-2024-02-23-at-19.08.28-768x576.jpeg 768w, https:\/\/agora.xtec.cat\/ceipvistaalegre\/wp-content\/uploads\/usu1936\/2024\/02\/WhatsApp-Image-2024-02-23-at-19.08.28-1536x1152.jpeg 1536w, https:\/\/agora.xtec.cat\/ceipvistaalegre\/wp-content\/uploads\/usu1936\/2024\/02\/WhatsApp-Image-2024-02-23-at-19.08.28-200x150.jpeg 200w, https:\/\/agora.xtec.cat\/ceipvistaalegre\/wp-content\/uploads\/usu1936\/2024\/02\/WhatsApp-Image-2024-02-23-at-19.08.28.jpeg 2048w\" sizes=\"auto, (max-width: 351px) 100vw, 351px\" \/><\/p>\n<p><a href=\"https:\/\/agora.xtec.cat\/ceipvistaalegre\/wp-content\/uploads\/usu1936\/2024\/02\/WhatsApp-Image-2024-02-23-at-19.10.22.jpeg\"><img loading=\"lazy\" decoding=\"async\" class=\"alignnone  wp-image-9637\" src=\"https:\/\/agora.xtec.cat\/ceipvistaalegre\/wp-content\/uploads\/usu1936\/2024\/02\/WhatsApp-Image-2024-02-23-at-19.10.22-1024x768.jpeg\" alt=\"\" width=\"345\" height=\"259\" srcset=\"https:\/\/agora.xtec.cat\/ceipvistaalegre\/wp-content\/uploads\/usu1936\/2024\/02\/WhatsApp-Image-2024-02-23-at-19.10.22-1024x768.jpeg 1024w, https:\/\/agora.xtec.cat\/ceipvistaalegre\/wp-content\/uploads\/usu1936\/2024\/02\/WhatsApp-Image-2024-02-23-at-19.10.22-300x225.jpeg 300w, https:\/\/agora.xtec.cat\/ceipvistaalegre\/wp-content\/uploads\/usu1936\/2024\/02\/WhatsApp-Image-2024-02-23-at-19.10.22-768x576.jpeg 768w, https:\/\/agora.xtec.cat\/ceipvistaalegre\/wp-content\/uploads\/usu1936\/2024\/02\/WhatsApp-Image-2024-02-23-at-19.10.22-1536x1152.jpeg 1536w, https:\/\/agora.xtec.cat\/ceipvistaalegre\/wp-content\/uploads\/usu1936\/2024\/02\/WhatsApp-Image-2024-02-23-at-19.10.22-200x150.jpeg 200w, https:\/\/agora.xtec.cat\/ceipvistaalegre\/wp-content\/uploads\/usu1936\/2024\/02\/WhatsApp-Image-2024-02-23-at-19.10.22.jpeg 2048w\" sizes=\"auto, (max-width: 345px) 100vw, 345px\" \/><\/a><\/p>\n<p>&nbsp;<\/p>\n<p>&nbsp;<\/p>\n","protected":false},"excerpt":{"rendered":"<p>Avui els nens i nenes de sis\u00e8 hem anat a la biblioteca Antoni Comas, a veure una exposici\u00f3 sobre &#8220;Les lleng\u00fces dels catalans, les lleng\u00fces de Matar\u00f3&#8221;.<br \/>\nEn questa exposici\u00f3 guiada per dos t\u00e8cnics, un \u00e0rab i l&#8217;altre xin\u00e8s del Servei de Primera Acollida, ens han&hellip;  <a href=\"https:\/\/agora.xtec.cat\/ceipvistaalegre\/primaria\/6e\/biblioteca-antoni-comas\/\" title=\"Read Biblioteca Antoni Comas\">Llegeix m\u00e9s\u00bb<\/a><\/p>\n","protected":false},"author":18,"featured_media":0,"comment_status":"open","ping_status":"closed","sticky":false,"template":"","format":"standard","meta":{"_bbp_topic_count":0,"_bbp_reply_count":0,"_bbp_total_topic_count":0,"_bbp_total_reply_count":0,"_bbp_voice_count":0,"_bbp_anonymous_reply_count":0,"_bbp_topic_count_hidden":0,"_bbp_reply_count_hidden":0,"_bbp_forum_subforum_count":0,"footnotes":""},"categories":[15],"tags":[],"class_list":["post-9635","post","type-post","status-publish","format-standard","hentry","category-6e"],"post_mailing_queue_ids":[],"_links":{"self":[{"href":"https:\/\/agora.xtec.cat\/ceipvistaalegre\/wp-json\/wp\/v2\/posts\/9635","targetHints":{"allow":["GET"]}}],"collection":[{"href":"https:\/\/agora.xtec.cat\/ceipvistaalegre\/wp-json\/wp\/v2\/posts"}],"about":[{"href":"https:\/\/agora.xtec.cat\/ceipvistaalegre\/wp-json\/wp\/v2\/types\/post"}],"author":[{"embeddable":true,"href":"https:\/\/agora.xtec.cat\/ceipvistaalegre\/wp-json\/wp\/v2\/users\/18"}],"replies":[{"embeddable":true,"href":"https:\/\/agora.xtec.cat\/ceipvistaalegre\/wp-json\/wp\/v2\/comments?post=9635"}],"version-history":[{"count":1,"href":"https:\/\/agora.xtec.cat\/ceipvistaalegre\/wp-json\/wp\/v2\/posts\/9635\/revisions"}],"predecessor-version":[{"id":9638,"href":"https:\/\/agora.xtec.cat\/ceipvistaalegre\/wp-json\/wp\/v2\/posts\/9635\/revisions\/9638"}],"wp:attachment":[{"href":"https:\/\/agora.xtec.cat\/ceipvistaalegre\/wp-json\/wp\/v2\/media?parent=9635"}],"wp:term":[{"taxonomy":"category","embeddable":true,"href":"https:\/\/agora.xtec.cat\/ceipvistaalegre\/wp-json\/wp\/v2\/categories?post=9635"},{"taxonomy":"post_tag","embeddable":true,"href":"https:\/\/agora.xtec.cat\/ceipvistaalegre\/wp-json\/wp\/v2\/tags?post=9635"}],"curies":[{"name":"wp","href":"https:\/\/api.w.org\/{rel}","templated":true}]}}