{"id":9631,"date":"2024-02-23T18:17:23","date_gmt":"2024-02-23T17:17:23","guid":{"rendered":"https:\/\/agora.xtec.cat\/ceipvistaalegre\/?p=9631"},"modified":"2024-02-23T18:17:23","modified_gmt":"2024-02-23T17:17:23","slug":"projecte-astronautes","status":"publish","type":"post","link":"https:\/\/agora.xtec.cat\/ceipvistaalegre\/primaria\/1r\/projecte-astronautes\/","title":{"rendered":"PROJECTE ASTRONAUTES"},"content":{"rendered":"<p>Els nens i nenes de 1r han acabat el projecte dels astronautes, que dona nom a la nostra classe. Al llarg d&#8217;aquests mesos, hem anat treballant els diferents aspectes que ens interessaven d&#8217;aquest tema. Hem buscat informaci\u00f3, hem visitat l&#8217;exposici\u00f3 Space Discovery, hem fet jocs i diferents treballs a l&#8217;aula. Hem llegit amb els nostres padrins lectors, llibres i contes relacionats amb l&#8217;espai.<\/p>\n<p>Els infants han fet les exposicions dels treballs que han elaborat amb les fam\u00edlies i hem apr\u00e8s un munt de coses. Gr\u00e0cies a tots i totes per la vostra feina i implicaci\u00f3 al projecte!!<\/p>\n<p><a href=\"https:\/\/docs.google.com\/presentation\/d\/1YXxegfBL9g4OqjSRpziwBlGEHncC7PJOKhERd7WeP24\/edit?usp=sharing\">https:\/\/docs.google.com\/presentation\/d\/1YXxegfBL9g4OqjSRpziwBlGEHncC7PJOKhERd7WeP24\/edit?usp=sharing<\/a><\/p>\n<p><a href=\"https:\/\/docs.google.com\/presentation\/d\/1YXxegfBL9g4OqjSRpziwBlGEHncC7PJOKhERd7WeP24\/edit?usp=sharing\"><img loading=\"lazy\" decoding=\"async\" class=\"wp-image-9632 aligncenter\" src=\"https:\/\/agora.xtec.cat\/ceipvistaalegre\/wp-content\/uploads\/usu1936\/2024\/02\/Projecte.png\" alt=\"\" width=\"572\" height=\"322\" srcset=\"https:\/\/agora.xtec.cat\/ceipvistaalegre\/wp-content\/uploads\/usu1936\/2024\/02\/Projecte.png 960w, https:\/\/agora.xtec.cat\/ceipvistaalegre\/wp-content\/uploads\/usu1936\/2024\/02\/Projecte-300x169.png 300w, https:\/\/agora.xtec.cat\/ceipvistaalegre\/wp-content\/uploads\/usu1936\/2024\/02\/Projecte-768x432.png 768w\" sizes=\"auto, (max-width: 572px) 100vw, 572px\" \/><\/a><\/p>\n","protected":false},"excerpt":{"rendered":"<p>Els nens i nenes de 1r han acabat el projecte dels astronautes, que dona nom a la nostra classe. Al llarg d&#8217;aquests mesos, hem anat treballant els diferents aspectes que ens interessaven d&#8217;aquest tema. Hem buscat informaci\u00f3, hem visitat l&#8217;exposici\u00f3 Space Discovery, hem fet jocs&hellip;  <a href=\"https:\/\/agora.xtec.cat\/ceipvistaalegre\/primaria\/1r\/projecte-astronautes\/\" title=\"Read PROJECTE ASTRONAUTES\">Llegeix m\u00e9s\u00bb<\/a><\/p>\n","protected":false},"author":25,"featured_media":0,"comment_status":"open","ping_status":"closed","sticky":false,"template":"","format":"standard","meta":{"_bbp_topic_count":0,"_bbp_reply_count":0,"_bbp_total_topic_count":0,"_bbp_total_reply_count":0,"_bbp_voice_count":0,"_bbp_anonymous_reply_count":0,"_bbp_topic_count_hidden":0,"_bbp_reply_count_hidden":0,"_bbp_forum_subforum_count":0,"footnotes":""},"categories":[10],"tags":[],"class_list":["post-9631","post","type-post","status-publish","format-standard","hentry","category-1r"],"post_mailing_queue_ids":[],"_links":{"self":[{"href":"https:\/\/agora.xtec.cat\/ceipvistaalegre\/wp-json\/wp\/v2\/posts\/9631","targetHints":{"allow":["GET"]}}],"collection":[{"href":"https:\/\/agora.xtec.cat\/ceipvistaalegre\/wp-json\/wp\/v2\/posts"}],"about":[{"href":"https:\/\/agora.xtec.cat\/ceipvistaalegre\/wp-json\/wp\/v2\/types\/post"}],"author":[{"embeddable":true,"href":"https:\/\/agora.xtec.cat\/ceipvistaalegre\/wp-json\/wp\/v2\/users\/25"}],"replies":[{"embeddable":true,"href":"https:\/\/agora.xtec.cat\/ceipvistaalegre\/wp-json\/wp\/v2\/comments?post=9631"}],"version-history":[{"count":1,"href":"https:\/\/agora.xtec.cat\/ceipvistaalegre\/wp-json\/wp\/v2\/posts\/9631\/revisions"}],"predecessor-version":[{"id":9633,"href":"https:\/\/agora.xtec.cat\/ceipvistaalegre\/wp-json\/wp\/v2\/posts\/9631\/revisions\/9633"}],"wp:attachment":[{"href":"https:\/\/agora.xtec.cat\/ceipvistaalegre\/wp-json\/wp\/v2\/media?parent=9631"}],"wp:term":[{"taxonomy":"category","embeddable":true,"href":"https:\/\/agora.xtec.cat\/ceipvistaalegre\/wp-json\/wp\/v2\/categories?post=9631"},{"taxonomy":"post_tag","embeddable":true,"href":"https:\/\/agora.xtec.cat\/ceipvistaalegre\/wp-json\/wp\/v2\/tags?post=9631"}],"curies":[{"name":"wp","href":"https:\/\/api.w.org\/{rel}","templated":true}]}}