{"id":9627,"date":"2024-02-23T12:02:20","date_gmt":"2024-02-23T11:02:20","guid":{"rendered":"https:\/\/agora.xtec.cat\/ceipvistaalegre\/?p=9627"},"modified":"2024-06-06T06:26:21","modified_gmt":"2024-06-06T04:26:21","slug":"utilitzem-el-metode-cientific","status":"publish","type":"post","link":"https:\/\/agora.xtec.cat\/ceipvistaalegre\/primaria\/la-classe-dels-pirates\/utilitzem-el-metode-cientific\/","title":{"rendered":"Utilitzem el M\u00e8tode Cient\u00edfic"},"content":{"rendered":"<p>El m\u00e8tode cient\u00edfic \u00e9s fer pensar i comunicar com ho fan els cient\u00edfics i cient\u00edfiques, per exemple: a classe hem barrejat els colors primaris entre ells i ens han sortit nous colors, els secundaris. ( Text elaborat per la Zhixin)<\/p>\n<p>Per saber aix\u00f2 hem seguit uns passos: primer observem el material que tenim i ens fem una pregunta: Qu\u00e8 passaria si barreg\u00e9ssim els colors blau, groc i vermell entre ells?<\/p>\n<p>Despr\u00e9s d&#8217;observar, pensem una possible resposta del que pot passar. A aix\u00f2 li diem fer una hip\u00f2tesi.<\/p>\n<p>Fem l&#8217;experiment per poder comprovar el que passa realment i veure si la nostra hip\u00f2tesi \u00e9s correcta o no.<\/p>\n<p>Finalment comuniquem la conclusi\u00f3, o sigui, dir qu\u00e8 ha passat a l&#8217;experiment i comunicar-ho a la resta de la classe. ( Text elaborat pel Pol)<\/p>\n<p><a href=\"https:\/\/agora.xtec.cat\/ceipvistaalegre\/wp-content\/uploads\/usu1936\/2024\/02\/20240206_121300-1-scaled.jpg\"><img loading=\"lazy\" decoding=\"async\" class=\"alignleft size-medium wp-image-9628\" src=\"https:\/\/agora.xtec.cat\/ceipvistaalegre\/wp-content\/uploads\/usu1936\/2024\/02\/20240206_121300-1-300x225.jpg\" alt=\"\" width=\"300\" height=\"225\" srcset=\"https:\/\/agora.xtec.cat\/ceipvistaalegre\/wp-content\/uploads\/usu1936\/2024\/02\/20240206_121300-1-300x225.jpg 300w, https:\/\/agora.xtec.cat\/ceipvistaalegre\/wp-content\/uploads\/usu1936\/2024\/02\/20240206_121300-1-1024x768.jpg 1024w, https:\/\/agora.xtec.cat\/ceipvistaalegre\/wp-content\/uploads\/usu1936\/2024\/02\/20240206_121300-1-768x576.jpg 768w, https:\/\/agora.xtec.cat\/ceipvistaalegre\/wp-content\/uploads\/usu1936\/2024\/02\/20240206_121300-1-1536x1152.jpg 1536w, https:\/\/agora.xtec.cat\/ceipvistaalegre\/wp-content\/uploads\/usu1936\/2024\/02\/20240206_121300-1-2048x1536.jpg 2048w, https:\/\/agora.xtec.cat\/ceipvistaalegre\/wp-content\/uploads\/usu1936\/2024\/02\/20240206_121300-1-200x150.jpg 200w\" sizes=\"auto, (max-width: 300px) 100vw, 300px\" \/><\/a><\/p>\n<p>&nbsp;<\/p>\n<p>&nbsp;<\/p>\n","protected":false},"excerpt":{"rendered":"<p>El m\u00e8tode cient\u00edfic \u00e9s fer pensar i comunicar com ho fan els cient\u00edfics i cient\u00edfiques, per exemple: a classe hem barrejat els colors primaris entre ells i ens han sortit nous colors, els secundaris. ( Text elaborat per la Zhixin)<br \/>\nPer saber aix\u00f2 hem seguit uns&hellip;  <a href=\"https:\/\/agora.xtec.cat\/ceipvistaalegre\/primaria\/la-classe-dels-pirates\/utilitzem-el-metode-cientific\/\" title=\"Read Utilitzem el M\u00e8tode Cient\u00edfic\">Llegeix m\u00e9s\u00bb<\/a><\/p>\n","protected":false},"author":7,"featured_media":0,"comment_status":"open","ping_status":"closed","sticky":false,"template":"","format":"standard","meta":{"_bbp_topic_count":0,"_bbp_reply_count":0,"_bbp_total_topic_count":0,"_bbp_total_reply_count":0,"_bbp_voice_count":0,"_bbp_anonymous_reply_count":0,"_bbp_topic_count_hidden":0,"_bbp_reply_count_hidden":0,"_bbp_forum_subforum_count":0,"footnotes":""},"categories":[12],"tags":[],"class_list":["post-9627","post","type-post","status-publish","format-standard","hentry","category-la-classe-dels-pirates"],"post_mailing_queue_ids":[],"_links":{"self":[{"href":"https:\/\/agora.xtec.cat\/ceipvistaalegre\/wp-json\/wp\/v2\/posts\/9627","targetHints":{"allow":["GET"]}}],"collection":[{"href":"https:\/\/agora.xtec.cat\/ceipvistaalegre\/wp-json\/wp\/v2\/posts"}],"about":[{"href":"https:\/\/agora.xtec.cat\/ceipvistaalegre\/wp-json\/wp\/v2\/types\/post"}],"author":[{"embeddable":true,"href":"https:\/\/agora.xtec.cat\/ceipvistaalegre\/wp-json\/wp\/v2\/users\/7"}],"replies":[{"embeddable":true,"href":"https:\/\/agora.xtec.cat\/ceipvistaalegre\/wp-json\/wp\/v2\/comments?post=9627"}],"version-history":[{"count":2,"href":"https:\/\/agora.xtec.cat\/ceipvistaalegre\/wp-json\/wp\/v2\/posts\/9627\/revisions"}],"predecessor-version":[{"id":9630,"href":"https:\/\/agora.xtec.cat\/ceipvistaalegre\/wp-json\/wp\/v2\/posts\/9627\/revisions\/9630"}],"wp:attachment":[{"href":"https:\/\/agora.xtec.cat\/ceipvistaalegre\/wp-json\/wp\/v2\/media?parent=9627"}],"wp:term":[{"taxonomy":"category","embeddable":true,"href":"https:\/\/agora.xtec.cat\/ceipvistaalegre\/wp-json\/wp\/v2\/categories?post=9627"},{"taxonomy":"post_tag","embeddable":true,"href":"https:\/\/agora.xtec.cat\/ceipvistaalegre\/wp-json\/wp\/v2\/tags?post=9627"}],"curies":[{"name":"wp","href":"https:\/\/api.w.org\/{rel}","templated":true}]}}