{"id":9619,"date":"2024-02-20T18:35:46","date_gmt":"2024-02-20T17:35:46","guid":{"rendered":"https:\/\/agora.xtec.cat\/ceipvistaalegre\/?p=9619"},"modified":"2024-02-20T18:35:46","modified_gmt":"2024-02-20T17:35:46","slug":"tallers-grup-xiula","status":"publish","type":"post","link":"https:\/\/agora.xtec.cat\/ceipvistaalegre\/primaria\/6e\/tallers-grup-xiula\/","title":{"rendered":"TALLERS GRUP XIULA"},"content":{"rendered":"<p>Avui els alumnes de sis\u00e8 han fet un taller amb el grup Xiula. \u00c9s un grup d&#8217;animaci\u00f3 musical que a partir de la can\u00e7\u00f3 &#8220;Mirada Estr\u00e0bica&#8221; han treballat el tema de la diversitat amb un reconeixement de les pr\u00f2pies caracter\u00edstiques i qualitats de cada alumne, fent una din\u00e0mica per saber apreciar les de l&#8217;altre. En aquesta sessi\u00f3\u00a0 es pret\u00e9n\u00a0 que el grup millori la cohesi\u00f3 i l&#8217;estima a la difer\u00e8ncia. Al finalitzar la sessi\u00f3 s&#8217;ha cantat la pr\u00f2pia Mirada Estr\u00e0bica amb tots els noms dels nens i nenes de la classe. Despr\u00e9s rebrem el tema editat al cap d&#8217;uns dies.<\/p>\n<p><img loading=\"lazy\" decoding=\"async\" class=\"alignnone  wp-image-9620\" src=\"https:\/\/agora.xtec.cat\/ceipvistaalegre\/wp-content\/uploads\/usu1936\/2024\/02\/WhatsApp-Image-2024-02-20-at-18.29.38-1024x768.jpeg\" alt=\"\" width=\"299\" height=\"224\" srcset=\"https:\/\/agora.xtec.cat\/ceipvistaalegre\/wp-content\/uploads\/usu1936\/2024\/02\/WhatsApp-Image-2024-02-20-at-18.29.38-1024x768.jpeg 1024w, https:\/\/agora.xtec.cat\/ceipvistaalegre\/wp-content\/uploads\/usu1936\/2024\/02\/WhatsApp-Image-2024-02-20-at-18.29.38-300x225.jpeg 300w, https:\/\/agora.xtec.cat\/ceipvistaalegre\/wp-content\/uploads\/usu1936\/2024\/02\/WhatsApp-Image-2024-02-20-at-18.29.38-768x576.jpeg 768w, https:\/\/agora.xtec.cat\/ceipvistaalegre\/wp-content\/uploads\/usu1936\/2024\/02\/WhatsApp-Image-2024-02-20-at-18.29.38-1536x1152.jpeg 1536w, https:\/\/agora.xtec.cat\/ceipvistaalegre\/wp-content\/uploads\/usu1936\/2024\/02\/WhatsApp-Image-2024-02-20-at-18.29.38-200x150.jpeg 200w, https:\/\/agora.xtec.cat\/ceipvistaalegre\/wp-content\/uploads\/usu1936\/2024\/02\/WhatsApp-Image-2024-02-20-at-18.29.38.jpeg 2048w\" sizes=\"auto, (max-width: 299px) 100vw, 299px\" \/><\/p>\n<p><img loading=\"lazy\" decoding=\"async\" class=\"alignnone  wp-image-9621\" src=\"https:\/\/agora.xtec.cat\/ceipvistaalegre\/wp-content\/uploads\/usu1936\/2024\/02\/WhatsApp-Image-2024-02-20-at-18.34.01-1024x768.jpeg\" alt=\"\" width=\"294\" height=\"220\" srcset=\"https:\/\/agora.xtec.cat\/ceipvistaalegre\/wp-content\/uploads\/usu1936\/2024\/02\/WhatsApp-Image-2024-02-20-at-18.34.01-1024x768.jpeg 1024w, https:\/\/agora.xtec.cat\/ceipvistaalegre\/wp-content\/uploads\/usu1936\/2024\/02\/WhatsApp-Image-2024-02-20-at-18.34.01-300x225.jpeg 300w, https:\/\/agora.xtec.cat\/ceipvistaalegre\/wp-content\/uploads\/usu1936\/2024\/02\/WhatsApp-Image-2024-02-20-at-18.34.01-768x576.jpeg 768w, https:\/\/agora.xtec.cat\/ceipvistaalegre\/wp-content\/uploads\/usu1936\/2024\/02\/WhatsApp-Image-2024-02-20-at-18.34.01-1536x1152.jpeg 1536w, https:\/\/agora.xtec.cat\/ceipvistaalegre\/wp-content\/uploads\/usu1936\/2024\/02\/WhatsApp-Image-2024-02-20-at-18.34.01-200x150.jpeg 200w, https:\/\/agora.xtec.cat\/ceipvistaalegre\/wp-content\/uploads\/usu1936\/2024\/02\/WhatsApp-Image-2024-02-20-at-18.34.01.jpeg 2048w\" sizes=\"auto, (max-width: 294px) 100vw, 294px\" \/><\/p>\n","protected":false},"excerpt":{"rendered":"<p>Avui els alumnes de sis\u00e8 han fet un taller amb el grup Xiula. \u00c9s un grup d&#8217;animaci\u00f3 musical que a partir de la can\u00e7\u00f3 &#8220;Mirada Estr\u00e0bica&#8221; han treballat el tema de la diversitat amb un reconeixement de les pr\u00f2pies caracter\u00edstiques i qualitats de cada alumne,&hellip;  <a href=\"https:\/\/agora.xtec.cat\/ceipvistaalegre\/primaria\/6e\/tallers-grup-xiula\/\" title=\"Read TALLERS GRUP XIULA\">Llegeix m\u00e9s\u00bb<\/a><\/p>\n","protected":false},"author":18,"featured_media":0,"comment_status":"open","ping_status":"closed","sticky":false,"template":"","format":"standard","meta":{"_bbp_topic_count":0,"_bbp_reply_count":0,"_bbp_total_topic_count":0,"_bbp_total_reply_count":0,"_bbp_voice_count":0,"_bbp_anonymous_reply_count":0,"_bbp_topic_count_hidden":0,"_bbp_reply_count_hidden":0,"_bbp_forum_subforum_count":0,"footnotes":""},"categories":[15],"tags":[],"class_list":["post-9619","post","type-post","status-publish","format-standard","hentry","category-6e"],"post_mailing_queue_ids":[],"_links":{"self":[{"href":"https:\/\/agora.xtec.cat\/ceipvistaalegre\/wp-json\/wp\/v2\/posts\/9619","targetHints":{"allow":["GET"]}}],"collection":[{"href":"https:\/\/agora.xtec.cat\/ceipvistaalegre\/wp-json\/wp\/v2\/posts"}],"about":[{"href":"https:\/\/agora.xtec.cat\/ceipvistaalegre\/wp-json\/wp\/v2\/types\/post"}],"author":[{"embeddable":true,"href":"https:\/\/agora.xtec.cat\/ceipvistaalegre\/wp-json\/wp\/v2\/users\/18"}],"replies":[{"embeddable":true,"href":"https:\/\/agora.xtec.cat\/ceipvistaalegre\/wp-json\/wp\/v2\/comments?post=9619"}],"version-history":[{"count":1,"href":"https:\/\/agora.xtec.cat\/ceipvistaalegre\/wp-json\/wp\/v2\/posts\/9619\/revisions"}],"predecessor-version":[{"id":9622,"href":"https:\/\/agora.xtec.cat\/ceipvistaalegre\/wp-json\/wp\/v2\/posts\/9619\/revisions\/9622"}],"wp:attachment":[{"href":"https:\/\/agora.xtec.cat\/ceipvistaalegre\/wp-json\/wp\/v2\/media?parent=9619"}],"wp:term":[{"taxonomy":"category","embeddable":true,"href":"https:\/\/agora.xtec.cat\/ceipvistaalegre\/wp-json\/wp\/v2\/categories?post=9619"},{"taxonomy":"post_tag","embeddable":true,"href":"https:\/\/agora.xtec.cat\/ceipvistaalegre\/wp-json\/wp\/v2\/tags?post=9619"}],"curies":[{"name":"wp","href":"https:\/\/api.w.org\/{rel}","templated":true}]}}