{"id":9608,"date":"2024-02-16T12:57:22","date_gmt":"2024-02-16T11:57:22","guid":{"rendered":"https:\/\/agora.xtec.cat\/ceipvistaalegre\/?p=9608"},"modified":"2024-02-16T12:57:22","modified_gmt":"2024-02-16T11:57:22","slug":"del-carnestoltes-a-la-quaresma","status":"publish","type":"post","link":"https:\/\/agora.xtec.cat\/ceipvistaalegre\/primaria\/5e\/del-carnestoltes-a-la-quaresma\/","title":{"rendered":"Del Carnestoltes a la Quaresma!!!!"},"content":{"rendered":"<p>Els nens i nenes de 5\u00e8 hem gaudit molt\u00edssim d&#8217;aquests dies dies de carnestoltes i tamb\u00e9 amb l&#8217;arribada de la Quaresma.<\/p>\n<p>El divendres de Carnestoltes ens vam disfressar per rebre el Rei Carnestoltes i vam ballar d&#8217;all\u00f2 m\u00e9s. La nostra classe va ser l&#8217;encarregada de realitzar el judici del Rei Carnestoltes. Com cada any el Rei Carnestoltes ha estat condemnat i durant 7 setmanes s&#8217;ha instaurat el regnat de la Vella Quaresma.<\/p>\n<p>Tots esperem tallar les set cames per gaudir d&#8217;unes merescudes vacances!!<\/p>\n<p><a href=\"https:\/\/agora.xtec.cat\/ceipvistaalegre\/wp-content\/uploads\/usu1936\/2024\/02\/WhatsApp-Image-2024-02-16-at-12.52.13.jpeg\"><img loading=\"lazy\" decoding=\"async\" class=\"size-large wp-image-9615 aligncenter\" src=\"https:\/\/agora.xtec.cat\/ceipvistaalegre\/wp-content\/uploads\/usu1936\/2024\/02\/WhatsApp-Image-2024-02-16-at-12.52.13-1024x768.jpeg\" alt=\"\" width=\"1024\" height=\"768\" srcset=\"https:\/\/agora.xtec.cat\/ceipvistaalegre\/wp-content\/uploads\/usu1936\/2024\/02\/WhatsApp-Image-2024-02-16-at-12.52.13-1024x768.jpeg 1024w, https:\/\/agora.xtec.cat\/ceipvistaalegre\/wp-content\/uploads\/usu1936\/2024\/02\/WhatsApp-Image-2024-02-16-at-12.52.13-300x225.jpeg 300w, https:\/\/agora.xtec.cat\/ceipvistaalegre\/wp-content\/uploads\/usu1936\/2024\/02\/WhatsApp-Image-2024-02-16-at-12.52.13-768x576.jpeg 768w, https:\/\/agora.xtec.cat\/ceipvistaalegre\/wp-content\/uploads\/usu1936\/2024\/02\/WhatsApp-Image-2024-02-16-at-12.52.13-1536x1152.jpeg 1536w, https:\/\/agora.xtec.cat\/ceipvistaalegre\/wp-content\/uploads\/usu1936\/2024\/02\/WhatsApp-Image-2024-02-16-at-12.52.13-200x150.jpeg 200w, https:\/\/agora.xtec.cat\/ceipvistaalegre\/wp-content\/uploads\/usu1936\/2024\/02\/WhatsApp-Image-2024-02-16-at-12.52.13.jpeg 1600w\" sizes=\"auto, (max-width: 1024px) 100vw, 1024px\" \/><\/a> <a href=\"https:\/\/agora.xtec.cat\/ceipvistaalegre\/wp-content\/uploads\/usu1936\/2024\/02\/WhatsApp-Image-2024-02-16-at-12.52.13-1.jpeg\"><img loading=\"lazy\" decoding=\"async\" class=\"size-large wp-image-9616 aligncenter\" src=\"https:\/\/agora.xtec.cat\/ceipvistaalegre\/wp-content\/uploads\/usu1936\/2024\/02\/WhatsApp-Image-2024-02-16-at-12.52.13-1-1024x768.jpeg\" alt=\"\" width=\"1024\" height=\"768\" srcset=\"https:\/\/agora.xtec.cat\/ceipvistaalegre\/wp-content\/uploads\/usu1936\/2024\/02\/WhatsApp-Image-2024-02-16-at-12.52.13-1-1024x768.jpeg 1024w, https:\/\/agora.xtec.cat\/ceipvistaalegre\/wp-content\/uploads\/usu1936\/2024\/02\/WhatsApp-Image-2024-02-16-at-12.52.13-1-300x225.jpeg 300w, https:\/\/agora.xtec.cat\/ceipvistaalegre\/wp-content\/uploads\/usu1936\/2024\/02\/WhatsApp-Image-2024-02-16-at-12.52.13-1-768x576.jpeg 768w, https:\/\/agora.xtec.cat\/ceipvistaalegre\/wp-content\/uploads\/usu1936\/2024\/02\/WhatsApp-Image-2024-02-16-at-12.52.13-1-1536x1152.jpeg 1536w, https:\/\/agora.xtec.cat\/ceipvistaalegre\/wp-content\/uploads\/usu1936\/2024\/02\/WhatsApp-Image-2024-02-16-at-12.52.13-1-200x150.jpeg 200w, https:\/\/agora.xtec.cat\/ceipvistaalegre\/wp-content\/uploads\/usu1936\/2024\/02\/WhatsApp-Image-2024-02-16-at-12.52.13-1.jpeg 1600w\" sizes=\"auto, (max-width: 1024px) 100vw, 1024px\" \/><\/a> <a href=\"https:\/\/agora.xtec.cat\/ceipvistaalegre\/wp-content\/uploads\/usu1936\/2024\/02\/WhatsApp-Image-2024-02-16-at-12.52.13-2.jpeg\"><img loading=\"lazy\" decoding=\"async\" class=\"size-large wp-image-9617 aligncenter\" src=\"https:\/\/agora.xtec.cat\/ceipvistaalegre\/wp-content\/uploads\/usu1936\/2024\/02\/WhatsApp-Image-2024-02-16-at-12.52.13-2-1024x768.jpeg\" alt=\"\" width=\"1024\" height=\"768\" srcset=\"https:\/\/agora.xtec.cat\/ceipvistaalegre\/wp-content\/uploads\/usu1936\/2024\/02\/WhatsApp-Image-2024-02-16-at-12.52.13-2-1024x768.jpeg 1024w, https:\/\/agora.xtec.cat\/ceipvistaalegre\/wp-content\/uploads\/usu1936\/2024\/02\/WhatsApp-Image-2024-02-16-at-12.52.13-2-300x225.jpeg 300w, https:\/\/agora.xtec.cat\/ceipvistaalegre\/wp-content\/uploads\/usu1936\/2024\/02\/WhatsApp-Image-2024-02-16-at-12.52.13-2-768x576.jpeg 768w, https:\/\/agora.xtec.cat\/ceipvistaalegre\/wp-content\/uploads\/usu1936\/2024\/02\/WhatsApp-Image-2024-02-16-at-12.52.13-2-1536x1152.jpeg 1536w, https:\/\/agora.xtec.cat\/ceipvistaalegre\/wp-content\/uploads\/usu1936\/2024\/02\/WhatsApp-Image-2024-02-16-at-12.52.13-2-200x150.jpeg 200w, https:\/\/agora.xtec.cat\/ceipvistaalegre\/wp-content\/uploads\/usu1936\/2024\/02\/WhatsApp-Image-2024-02-16-at-12.52.13-2.jpeg 1600w\" sizes=\"auto, (max-width: 1024px) 100vw, 1024px\" \/><\/a><\/p>\n<p>&nbsp;<\/p>\n","protected":false},"excerpt":{"rendered":"<p>Els nens i nenes de 5\u00e8 hem gaudit molt\u00edssim d&#8217;aquests dies dies de carnestoltes i tamb\u00e9 amb l&#8217;arribada de la Quaresma.<br \/>\nEl divendres de Carnestoltes ens vam disfressar per rebre el Rei Carnestoltes i vam ballar d&#8217;all\u00f2 m\u00e9s. La nostra classe va ser l&#8217;encarregada de realitzar&hellip;  <a href=\"https:\/\/agora.xtec.cat\/ceipvistaalegre\/primaria\/5e\/del-carnestoltes-a-la-quaresma\/\" title=\"Read Del Carnestoltes a la Quaresma!!!!\">Llegeix m\u00e9s\u00bb<\/a><\/p>\n","protected":false},"author":31,"featured_media":0,"comment_status":"open","ping_status":"closed","sticky":false,"template":"","format":"standard","meta":{"_bbp_topic_count":0,"_bbp_reply_count":0,"_bbp_total_topic_count":0,"_bbp_total_reply_count":0,"_bbp_voice_count":0,"_bbp_anonymous_reply_count":0,"_bbp_topic_count_hidden":0,"_bbp_reply_count_hidden":0,"_bbp_forum_subforum_count":0,"footnotes":""},"categories":[14],"tags":[],"class_list":["post-9608","post","type-post","status-publish","format-standard","hentry","category-5e"],"post_mailing_queue_ids":[],"_links":{"self":[{"href":"https:\/\/agora.xtec.cat\/ceipvistaalegre\/wp-json\/wp\/v2\/posts\/9608","targetHints":{"allow":["GET"]}}],"collection":[{"href":"https:\/\/agora.xtec.cat\/ceipvistaalegre\/wp-json\/wp\/v2\/posts"}],"about":[{"href":"https:\/\/agora.xtec.cat\/ceipvistaalegre\/wp-json\/wp\/v2\/types\/post"}],"author":[{"embeddable":true,"href":"https:\/\/agora.xtec.cat\/ceipvistaalegre\/wp-json\/wp\/v2\/users\/31"}],"replies":[{"embeddable":true,"href":"https:\/\/agora.xtec.cat\/ceipvistaalegre\/wp-json\/wp\/v2\/comments?post=9608"}],"version-history":[{"count":1,"href":"https:\/\/agora.xtec.cat\/ceipvistaalegre\/wp-json\/wp\/v2\/posts\/9608\/revisions"}],"predecessor-version":[{"id":9618,"href":"https:\/\/agora.xtec.cat\/ceipvistaalegre\/wp-json\/wp\/v2\/posts\/9608\/revisions\/9618"}],"wp:attachment":[{"href":"https:\/\/agora.xtec.cat\/ceipvistaalegre\/wp-json\/wp\/v2\/media?parent=9608"}],"wp:term":[{"taxonomy":"category","embeddable":true,"href":"https:\/\/agora.xtec.cat\/ceipvistaalegre\/wp-json\/wp\/v2\/categories?post=9608"},{"taxonomy":"post_tag","embeddable":true,"href":"https:\/\/agora.xtec.cat\/ceipvistaalegre\/wp-json\/wp\/v2\/tags?post=9608"}],"curies":[{"name":"wp","href":"https:\/\/api.w.org\/{rel}","templated":true}]}}