{"id":9598,"date":"2024-02-09T20:00:02","date_gmt":"2024-02-09T19:00:02","guid":{"rendered":"https:\/\/agora.xtec.cat\/ceipvistaalegre\/?p=9598"},"modified":"2024-02-09T20:00:02","modified_gmt":"2024-02-09T19:00:02","slug":"per-carnaval-tot-shi-val","status":"publish","type":"post","link":"https:\/\/agora.xtec.cat\/ceipvistaalegre\/primaria\/1r\/per-carnaval-tot-shi-val\/","title":{"rendered":"PER CARNAVAL TOT S&#8217;HI VAL"},"content":{"rendered":"<p>Avu\u00ed els nens i nenes de primer han gaudit d&#8217;un dia fant\u00e0stic de <strong>Carnaval<\/strong>. Al mat\u00ed, han rebut al Rei Carnestoltes amb les seves corones decorades amb avions, ja que l&#8217;eix del carnaval a tota l&#8217;escola ha estat Els transports. A la tarda, han sortit al pati per mostrar les seves disfresses al ritme de la m\u00fasica que m\u00e9s els agrada. <strong>Visca el carnaval!!<\/strong><\/p>\n<p><a href=\"https:\/\/agora.xtec.cat\/ceipvistaalegre\/wp-content\/uploads\/usu1936\/2024\/02\/1707504769229-1.jpg\"><img loading=\"lazy\" decoding=\"async\" class=\"alignnone  wp-image-9600\" src=\"https:\/\/agora.xtec.cat\/ceipvistaalegre\/wp-content\/uploads\/usu1936\/2024\/02\/1707504769229-1-1024x1024.jpg\" alt=\"\" width=\"407\" height=\"407\" srcset=\"https:\/\/agora.xtec.cat\/ceipvistaalegre\/wp-content\/uploads\/usu1936\/2024\/02\/1707504769229-1-1024x1024.jpg 1024w, https:\/\/agora.xtec.cat\/ceipvistaalegre\/wp-content\/uploads\/usu1936\/2024\/02\/1707504769229-1-300x300.jpg 300w, https:\/\/agora.xtec.cat\/ceipvistaalegre\/wp-content\/uploads\/usu1936\/2024\/02\/1707504769229-1-150x150.jpg 150w, https:\/\/agora.xtec.cat\/ceipvistaalegre\/wp-content\/uploads\/usu1936\/2024\/02\/1707504769229-1-768x768.jpg 768w, https:\/\/agora.xtec.cat\/ceipvistaalegre\/wp-content\/uploads\/usu1936\/2024\/02\/1707504769229-1-1536x1536.jpg 1536w, https:\/\/agora.xtec.cat\/ceipvistaalegre\/wp-content\/uploads\/usu1936\/2024\/02\/1707504769229-1.jpg 1920w\" sizes=\"auto, (max-width: 407px) 100vw, 407px\" \/>\u00a0 \u00a0 \u00a0 \u00a0 \u00a0 \u00a0 \u00a0 \u00a0 \u00a0 \u00a0 \u00a0<\/a><a href=\"https:\/\/agora.xtec.cat\/ceipvistaalegre\/wp-content\/uploads\/usu1936\/2024\/02\/InShot_20240209_195124984-2.jpg\"><img loading=\"lazy\" decoding=\"async\" class=\"alignnone  wp-image-9599\" src=\"https:\/\/agora.xtec.cat\/ceipvistaalegre\/wp-content\/uploads\/usu1936\/2024\/02\/InShot_20240209_195124984-2-1024x1024.jpg\" alt=\"\" width=\"406\" height=\"406\" srcset=\"https:\/\/agora.xtec.cat\/ceipvistaalegre\/wp-content\/uploads\/usu1936\/2024\/02\/InShot_20240209_195124984-2-1024x1024.jpg 1024w, https:\/\/agora.xtec.cat\/ceipvistaalegre\/wp-content\/uploads\/usu1936\/2024\/02\/InShot_20240209_195124984-2-300x300.jpg 300w, https:\/\/agora.xtec.cat\/ceipvistaalegre\/wp-content\/uploads\/usu1936\/2024\/02\/InShot_20240209_195124984-2-150x150.jpg 150w, https:\/\/agora.xtec.cat\/ceipvistaalegre\/wp-content\/uploads\/usu1936\/2024\/02\/InShot_20240209_195124984-2-768x768.jpg 768w, https:\/\/agora.xtec.cat\/ceipvistaalegre\/wp-content\/uploads\/usu1936\/2024\/02\/InShot_20240209_195124984-2-1536x1536.jpg 1536w, https:\/\/agora.xtec.cat\/ceipvistaalegre\/wp-content\/uploads\/usu1936\/2024\/02\/InShot_20240209_195124984-2.jpg 1920w\" sizes=\"auto, (max-width: 406px) 100vw, 406px\" \/><\/a><\/p>\n<p>&nbsp;<\/p>\n","protected":false},"excerpt":{"rendered":"<p>Avu\u00ed els nens i nenes de primer han gaudit d&#8217;un dia fant\u00e0stic de Carnaval. Al mat\u00ed, han rebut al Rei Carnestoltes amb les seves corones decorades amb avions, ja que l&#8217;eix del carnaval a tota l&#8217;escola ha estat Els transports. A la tarda, han sortit&hellip;  <a href=\"https:\/\/agora.xtec.cat\/ceipvistaalegre\/primaria\/1r\/per-carnaval-tot-shi-val\/\" title=\"Read PER CARNAVAL TOT S&#8217;HI VAL\">Llegeix m\u00e9s\u00bb<\/a><\/p>\n","protected":false},"author":25,"featured_media":0,"comment_status":"open","ping_status":"closed","sticky":false,"template":"","format":"standard","meta":{"_bbp_topic_count":0,"_bbp_reply_count":0,"_bbp_total_topic_count":0,"_bbp_total_reply_count":0,"_bbp_voice_count":0,"_bbp_anonymous_reply_count":0,"_bbp_topic_count_hidden":0,"_bbp_reply_count_hidden":0,"_bbp_forum_subforum_count":0,"footnotes":""},"categories":[10],"tags":[],"class_list":["post-9598","post","type-post","status-publish","format-standard","hentry","category-1r"],"post_mailing_queue_ids":[],"_links":{"self":[{"href":"https:\/\/agora.xtec.cat\/ceipvistaalegre\/wp-json\/wp\/v2\/posts\/9598","targetHints":{"allow":["GET"]}}],"collection":[{"href":"https:\/\/agora.xtec.cat\/ceipvistaalegre\/wp-json\/wp\/v2\/posts"}],"about":[{"href":"https:\/\/agora.xtec.cat\/ceipvistaalegre\/wp-json\/wp\/v2\/types\/post"}],"author":[{"embeddable":true,"href":"https:\/\/agora.xtec.cat\/ceipvistaalegre\/wp-json\/wp\/v2\/users\/25"}],"replies":[{"embeddable":true,"href":"https:\/\/agora.xtec.cat\/ceipvistaalegre\/wp-json\/wp\/v2\/comments?post=9598"}],"version-history":[{"count":1,"href":"https:\/\/agora.xtec.cat\/ceipvistaalegre\/wp-json\/wp\/v2\/posts\/9598\/revisions"}],"predecessor-version":[{"id":9601,"href":"https:\/\/agora.xtec.cat\/ceipvistaalegre\/wp-json\/wp\/v2\/posts\/9598\/revisions\/9601"}],"wp:attachment":[{"href":"https:\/\/agora.xtec.cat\/ceipvistaalegre\/wp-json\/wp\/v2\/media?parent=9598"}],"wp:term":[{"taxonomy":"category","embeddable":true,"href":"https:\/\/agora.xtec.cat\/ceipvistaalegre\/wp-json\/wp\/v2\/categories?post=9598"},{"taxonomy":"post_tag","embeddable":true,"href":"https:\/\/agora.xtec.cat\/ceipvistaalegre\/wp-json\/wp\/v2\/tags?post=9598"}],"curies":[{"name":"wp","href":"https:\/\/api.w.org\/{rel}","templated":true}]}}