{"id":9588,"date":"2024-02-07T21:10:28","date_gmt":"2024-02-07T20:10:28","guid":{"rendered":"https:\/\/agora.xtec.cat\/ceipvistaalegre\/?p=9588"},"modified":"2024-02-07T21:11:38","modified_gmt":"2024-02-07T20:11:38","slug":"lhort","status":"publish","type":"post","link":"https:\/\/agora.xtec.cat\/ceipvistaalegre\/infantil\/infantil-3-anys\/lhort\/","title":{"rendered":"Tenim cura de l&#8217;hort."},"content":{"rendered":"<p><a href=\"https:\/\/agora.xtec.cat\/ceipvistaalegre\/infantil\/infantil-3-anys\/lhort\/attachment\/photo-output-6-1-min\/\" rel=\"attachment wp-att-9589\"><img loading=\"lazy\" decoding=\"async\" class=\"aligncenter size-full wp-image-9589\" src=\"https:\/\/agora.xtec.cat\/ceipvistaalegre\/wp-content\/uploads\/usu1936\/2024\/02\/photo-output-6-1-min-scaled.jpg\" alt=\"\" width=\"2560\" height=\"2560\" srcset=\"https:\/\/agora.xtec.cat\/ceipvistaalegre\/wp-content\/uploads\/usu1936\/2024\/02\/photo-output-6-1-min-scaled.jpg 2560w, https:\/\/agora.xtec.cat\/ceipvistaalegre\/wp-content\/uploads\/usu1936\/2024\/02\/photo-output-6-1-min-300x300.jpg 300w, https:\/\/agora.xtec.cat\/ceipvistaalegre\/wp-content\/uploads\/usu1936\/2024\/02\/photo-output-6-1-min-1024x1024.jpg 1024w, https:\/\/agora.xtec.cat\/ceipvistaalegre\/wp-content\/uploads\/usu1936\/2024\/02\/photo-output-6-1-min-150x150.jpg 150w, https:\/\/agora.xtec.cat\/ceipvistaalegre\/wp-content\/uploads\/usu1936\/2024\/02\/photo-output-6-1-min-768x768.jpg 768w, https:\/\/agora.xtec.cat\/ceipvistaalegre\/wp-content\/uploads\/usu1936\/2024\/02\/photo-output-6-1-min-1536x1536.jpg 1536w, https:\/\/agora.xtec.cat\/ceipvistaalegre\/wp-content\/uploads\/usu1936\/2024\/02\/photo-output-6-1-min-2048x2048.jpg 2048w\" sizes=\"auto, (max-width: 2560px) 100vw, 2560px\" \/><\/a><\/p>\n<p>Aquesta setmana les nenes i els nens d&#8217;I3 hem estat fent tasques de manteniment de l&#8217;hort despr\u00e9s que la setmana passada plant\u00e9ssim les faves.<\/p>\n<p>Aquest cop ha tocat veure com estan les faveres. Si la xarxa ha evitat que els ocells es mengin els primers brots. Com les faveres es comencen a enfilar pels seus tutors.<\/p>\n<p>Despr\u00e9s hem tret les herbes invasores que es mengen els nutrients de les verdures que hem plantat.<\/p>\n<p>Finalment hem anat observant els diferents bancals i reconeixent les fruites i verdures plantades. Fins i tot hem vist una maduixa que d&#8217;aqu\u00ed unes setmanes ja podrem menjar. Tamb\u00e9 ens hem apropat a les arom\u00e0tiques i les hem olorat.<\/p>\n","protected":false},"excerpt":{"rendered":"<p><a href=\"https:\/\/agora.xtec.cat\/ceipvistaalegre\/infantil\/infantil-3-anys\/lhort\/attachment\/photo-output-6-1-min\/\" rel=\"attachment wp-att-9589\"><\/a><br \/>\nAquesta setmana les nenes i els nens d&#8217;I3 hem estat fent tasques de manteniment de l&#8217;hort despr\u00e9s que la setmana passada plant\u00e9ssim les faves.<br \/>\nAquest cop ha tocat veure com estan les faveres. Si la xarxa ha evitat que els ocells es mengin&hellip;  <a href=\"https:\/\/agora.xtec.cat\/ceipvistaalegre\/infantil\/infantil-3-anys\/lhort\/\" title=\"Read Tenim cura de l&#8217;hort.\">Llegeix m\u00e9s\u00bb<\/a><\/p>\n","protected":false},"author":4,"featured_media":0,"comment_status":"open","ping_status":"closed","sticky":false,"template":"","format":"standard","meta":{"_bbp_topic_count":0,"_bbp_reply_count":0,"_bbp_total_topic_count":0,"_bbp_total_reply_count":0,"_bbp_voice_count":0,"_bbp_anonymous_reply_count":0,"_bbp_topic_count_hidden":0,"_bbp_reply_count_hidden":0,"_bbp_forum_subforum_count":0,"footnotes":""},"categories":[3,220],"tags":[120,121,187],"class_list":["post-9588","post","type-post","status-publish","format-standard","hentry","category-infantil-3-anys","category-hort","tag-ciencies-3-6","tag-descoberta-entorn","tag-hort"],"post_mailing_queue_ids":[],"_links":{"self":[{"href":"https:\/\/agora.xtec.cat\/ceipvistaalegre\/wp-json\/wp\/v2\/posts\/9588","targetHints":{"allow":["GET"]}}],"collection":[{"href":"https:\/\/agora.xtec.cat\/ceipvistaalegre\/wp-json\/wp\/v2\/posts"}],"about":[{"href":"https:\/\/agora.xtec.cat\/ceipvistaalegre\/wp-json\/wp\/v2\/types\/post"}],"author":[{"embeddable":true,"href":"https:\/\/agora.xtec.cat\/ceipvistaalegre\/wp-json\/wp\/v2\/users\/4"}],"replies":[{"embeddable":true,"href":"https:\/\/agora.xtec.cat\/ceipvistaalegre\/wp-json\/wp\/v2\/comments?post=9588"}],"version-history":[{"count":4,"href":"https:\/\/agora.xtec.cat\/ceipvistaalegre\/wp-json\/wp\/v2\/posts\/9588\/revisions"}],"predecessor-version":[{"id":9593,"href":"https:\/\/agora.xtec.cat\/ceipvistaalegre\/wp-json\/wp\/v2\/posts\/9588\/revisions\/9593"}],"wp:attachment":[{"href":"https:\/\/agora.xtec.cat\/ceipvistaalegre\/wp-json\/wp\/v2\/media?parent=9588"}],"wp:term":[{"taxonomy":"category","embeddable":true,"href":"https:\/\/agora.xtec.cat\/ceipvistaalegre\/wp-json\/wp\/v2\/categories?post=9588"},{"taxonomy":"post_tag","embeddable":true,"href":"https:\/\/agora.xtec.cat\/ceipvistaalegre\/wp-json\/wp\/v2\/tags?post=9588"}],"curies":[{"name":"wp","href":"https:\/\/api.w.org\/{rel}","templated":true}]}}