{"id":9583,"date":"2024-02-06T20:35:07","date_gmt":"2024-02-06T19:35:07","guid":{"rendered":"https:\/\/agora.xtec.cat\/ceipvistaalegre\/?p=9583"},"modified":"2024-02-06T20:36:23","modified_gmt":"2024-02-06T19:36:23","slug":"com-soc-jo","status":"publish","type":"post","link":"https:\/\/agora.xtec.cat\/ceipvistaalegre\/infantil\/infantil-3-anys\/com-soc-jo\/","title":{"rendered":"Com s\u00f3c jo?"},"content":{"rendered":"<p align=\"justify\"><a href=\"https:\/\/agora.xtec.cat\/ceipvistaalegre\/infantil\/infantil-3-anys\/com-soc-jo\/attachment\/photo-output-4-1\/\" rel=\"attachment wp-att-9584\"><img loading=\"lazy\" decoding=\"async\" class=\"aligncenter size-full wp-image-9584\" src=\"https:\/\/agora.xtec.cat\/ceipvistaalegre\/wp-content\/uploads\/usu1936\/2024\/02\/photo-output-4-1-scaled.jpg\" alt=\"\" width=\"2560\" height=\"2560\" srcset=\"https:\/\/agora.xtec.cat\/ceipvistaalegre\/wp-content\/uploads\/usu1936\/2024\/02\/photo-output-4-1-scaled.jpg 2560w, https:\/\/agora.xtec.cat\/ceipvistaalegre\/wp-content\/uploads\/usu1936\/2024\/02\/photo-output-4-1-300x300.jpg 300w, https:\/\/agora.xtec.cat\/ceipvistaalegre\/wp-content\/uploads\/usu1936\/2024\/02\/photo-output-4-1-1024x1024.jpg 1024w, https:\/\/agora.xtec.cat\/ceipvistaalegre\/wp-content\/uploads\/usu1936\/2024\/02\/photo-output-4-1-150x150.jpg 150w, https:\/\/agora.xtec.cat\/ceipvistaalegre\/wp-content\/uploads\/usu1936\/2024\/02\/photo-output-4-1-768x768.jpg 768w, https:\/\/agora.xtec.cat\/ceipvistaalegre\/wp-content\/uploads\/usu1936\/2024\/02\/photo-output-4-1-1536x1536.jpg 1536w, https:\/\/agora.xtec.cat\/ceipvistaalegre\/wp-content\/uploads\/usu1936\/2024\/02\/photo-output-4-1-2048x2048.jpg 2048w\" sizes=\"auto, (max-width: 2560px) 100vw, 2560px\" \/><\/a><\/p>\n<p class=\"western\" align=\"justify\">Ja fa un parell de cursos que hem iniciat aquest projecte: <i><strong>\u201cCom s\u00f3c jo\u201d<\/strong>.<\/i> L\u2019equip d\u2019Infantil hem valorat que \u00e9s molt interessant fer-lo a I3 perqu\u00e8 cada infant ens pugui explicar aspectes de la seva persona i la seva vida en fam\u00edlia a la resta dels companys i companyes de l\u2019aula i aix\u00ed ens anem coneixent millor.<\/p>\n<p class=\"western\" align=\"justify\">Durant aquesta setmana ser\u00e0 el\/la protagonista. Tindr\u00e0 el seu rac\u00f3 per portar all\u00f2 que sigui significatiu per a ell o ella (un peluix, una joguina petita, un joc, una pe\u00e7a de roba, un conte&#8230;) i ho explicar\u00e0 a la resta de companys i companyes.<\/p>\n<p align=\"justify\">Al llarg del mes de gener aquests han estat els\/les nens i nenes que ens han explicat una mica com son:<\/p>\n<ul style=\"list-style-type: circle;\">\n<li><em><strong>L&#8217;Ian C.<\/strong><\/em>: Primer de tot ens ha explicat que t\u00e9 un germ\u00e0 gran amb el que li agrada jugar. La seva mascota \u00e9s una\u00a0 gosseta blanca que se l&#8217;estima molt. Un cop va anar al camp del Bar\u00e7a i en va gaudir amb el seu germ\u00e0. Li agrada nedar i veure dibuixos de l&#8217;home aranya. El seu color preferit \u00e9s el verd. Els jocs de construccions s\u00f3n els que juga m\u00e9s.<\/li>\n<li><strong><em>L&#8217;\u00c1lex S<\/em><\/strong>.: li agrada molt menjar aletes de pollastre amb patates. Sap moltes coses dels dinosaures i en t\u00e9 molts a casa, ens ha portat el Dino pollo a la classe.\u00a0 Les seves mascotes s\u00f3n dos gatets, en Ras i l&#8217;Ini. El seu conte preferit \u00e9s &#8220;La Tina i els dinosaures&#8221;. Li agrada mirar els dibuixos de la patrulla canina i l&#8217;home aranya.<\/li>\n<li><strong>En Biel<\/strong>: \u00e9s feli\u00e7 amb un plat de pollastre amb patates fregides. Tamb\u00e9 t\u00e9 dos gatets, en Leo i la Nena que es passen els hores dormint. El seu conte preferit \u00e9s &#8220;La caputxeta vermella&#8221;. La joguina que ens ha portat a classe \u00e9s un Spiderman amb el que juga molt. Mira dibuixos del S\u00faper Mario.<\/li>\n<li><strong><em>L&#8217;Aitana:<\/em><\/strong> el seu plat preferit tamb\u00e9 \u00e9s el pollastre amb patates. Ella no t\u00e9 gatets per\u00f2 t\u00e9 un ocell que canta molt b\u00e9. Li agrada modelar amb la plastilina i veure pel\u00b7l\u00edcules de la Frozen. El dia m\u00e9s divertit va ser quan ella i la seva cosina es passejaven amb ulleres de sol dalt del cotxet.<\/li>\n<\/ul>\n<p align=\"justify\">\n","protected":false},"excerpt":{"rendered":"<p><a href=\"https:\/\/agora.xtec.cat\/ceipvistaalegre\/infantil\/infantil-3-anys\/com-soc-jo\/attachment\/photo-output-4-1\/\" rel=\"attachment wp-att-9584\"><\/a><br \/>\nJa fa un parell de cursos que hem iniciat aquest projecte: \u201cCom s\u00f3c jo\u201d. L\u2019equip d\u2019Infantil hem valorat que \u00e9s molt interessant fer-lo a I3 perqu\u00e8 cada infant ens pugui explicar aspectes de la seva persona i la seva vida en fam\u00edlia&hellip;  <a href=\"https:\/\/agora.xtec.cat\/ceipvistaalegre\/infantil\/infantil-3-anys\/com-soc-jo\/\" title=\"Read Com s\u00f3c jo?\">Llegeix m\u00e9s\u00bb<\/a><\/p>\n","protected":false},"author":4,"featured_media":0,"comment_status":"open","ping_status":"closed","sticky":false,"template":"","format":"standard","meta":{"_bbp_topic_count":0,"_bbp_reply_count":0,"_bbp_total_topic_count":0,"_bbp_total_reply_count":0,"_bbp_voice_count":0,"_bbp_anonymous_reply_count":0,"_bbp_topic_count_hidden":0,"_bbp_reply_count_hidden":0,"_bbp_forum_subforum_count":0,"footnotes":""},"categories":[3],"tags":[122],"class_list":["post-9583","post","type-post","status-publish","format-standard","hentry","category-infantil-3-anys","tag-projectes"],"post_mailing_queue_ids":[],"_links":{"self":[{"href":"https:\/\/agora.xtec.cat\/ceipvistaalegre\/wp-json\/wp\/v2\/posts\/9583","targetHints":{"allow":["GET"]}}],"collection":[{"href":"https:\/\/agora.xtec.cat\/ceipvistaalegre\/wp-json\/wp\/v2\/posts"}],"about":[{"href":"https:\/\/agora.xtec.cat\/ceipvistaalegre\/wp-json\/wp\/v2\/types\/post"}],"author":[{"embeddable":true,"href":"https:\/\/agora.xtec.cat\/ceipvistaalegre\/wp-json\/wp\/v2\/users\/4"}],"replies":[{"embeddable":true,"href":"https:\/\/agora.xtec.cat\/ceipvistaalegre\/wp-json\/wp\/v2\/comments?post=9583"}],"version-history":[{"count":3,"href":"https:\/\/agora.xtec.cat\/ceipvistaalegre\/wp-json\/wp\/v2\/posts\/9583\/revisions"}],"predecessor-version":[{"id":9587,"href":"https:\/\/agora.xtec.cat\/ceipvistaalegre\/wp-json\/wp\/v2\/posts\/9583\/revisions\/9587"}],"wp:attachment":[{"href":"https:\/\/agora.xtec.cat\/ceipvistaalegre\/wp-json\/wp\/v2\/media?parent=9583"}],"wp:term":[{"taxonomy":"category","embeddable":true,"href":"https:\/\/agora.xtec.cat\/ceipvistaalegre\/wp-json\/wp\/v2\/categories?post=9583"},{"taxonomy":"post_tag","embeddable":true,"href":"https:\/\/agora.xtec.cat\/ceipvistaalegre\/wp-json\/wp\/v2\/tags?post=9583"}],"curies":[{"name":"wp","href":"https:\/\/api.w.org\/{rel}","templated":true}]}}