{"id":9572,"date":"2024-02-05T12:18:27","date_gmt":"2024-02-05T11:18:27","guid":{"rendered":"https:\/\/agora.xtec.cat\/ceipvistaalegre\/?p=9572"},"modified":"2024-02-05T12:19:36","modified_gmt":"2024-02-05T11:19:36","slug":"carnaval-2024","status":"publish","type":"post","link":"https:\/\/agora.xtec.cat\/ceipvistaalegre\/general\/carnaval-2024\/","title":{"rendered":"Carnaval 2024"},"content":{"rendered":"<p><a href=\"https:\/\/agora.xtec.cat\/ceipvistaalegre\/wp-content\/uploads\/usu1936\/2024\/02\/20240201_202544_0000.png\"><img loading=\"lazy\" decoding=\"async\" class=\"wp-image-9573 aligncenter\" src=\"https:\/\/agora.xtec.cat\/ceipvistaalegre\/wp-content\/uploads\/usu1936\/2024\/02\/20240201_202544_0000-1024x1024.png\" alt=\"\" width=\"491\" height=\"491\" srcset=\"https:\/\/agora.xtec.cat\/ceipvistaalegre\/wp-content\/uploads\/usu1936\/2024\/02\/20240201_202544_0000-1024x1024.png 1024w, https:\/\/agora.xtec.cat\/ceipvistaalegre\/wp-content\/uploads\/usu1936\/2024\/02\/20240201_202544_0000-300x300.png 300w, https:\/\/agora.xtec.cat\/ceipvistaalegre\/wp-content\/uploads\/usu1936\/2024\/02\/20240201_202544_0000-150x150.png 150w, https:\/\/agora.xtec.cat\/ceipvistaalegre\/wp-content\/uploads\/usu1936\/2024\/02\/20240201_202544_0000-768x768.png 768w, https:\/\/agora.xtec.cat\/ceipvistaalegre\/wp-content\/uploads\/usu1936\/2024\/02\/20240201_202544_0000.png 1080w\" sizes=\"auto, (max-width: 491px) 100vw, 491px\" \/><\/a><\/p>\n<p style=\"text-align: center;\"><span style=\"color: #ff0000;\"><strong>DILLUNS<\/strong><\/span> DEL LLIT CAUR\u00c0S I AMB PIJAMA A L&#8217;ESCOLA VINDR\u00c0S.<\/p>\n<p style=\"text-align: center;\"><span style=\"color: #0000ff;\"><strong>DIMARTS<\/strong><\/span> AMB UNA CORBATA VINDR\u00c0S O EN TOT CAS&#8230; POSA&#8217;T UN LLA\u00c7 I FELI\u00c7 AL CARNESTOLTES FAR\u00c0S!<\/p>\n<p style=\"text-align: center;\"><span style=\"color: #993366;\"><strong>DIMECRES<\/strong><\/span> FEU-VOS UN BON PENTINAT: DE COLORS, TUP\u00c9S, CUETES&#8230; SEREU ELS ARTISTES CONVIDATS!<\/p>\n<p style=\"text-align: center;\"><strong><span style=\"color: #99cc00;\">DIJOUS<\/span><\/strong> VINDR\u00c0S AMB UNA PE\u00c7A DE ROBA AL REV\u00c9S I A TOTS I A TOTES ENS IMPRESSIONAR\u00c0S!<\/p>\n<p style=\"text-align: center;\"><strong><span style=\"color: #ff9900;\">DIVENDRES<\/span><\/strong> EL CARNESTOLTES HA ARRIBAT I A LA TARDA VINDR\u00c0S DISFRESSAT!<\/p>\n","protected":false},"excerpt":{"rendered":"<p><a href=\"https:\/\/agora.xtec.cat\/ceipvistaalegre\/wp-content\/uploads\/usu1936\/2024\/02\/20240201_202544_0000.png\"><\/a><br \/>\nDILLUNS DEL LLIT CAUR\u00c0S I AMB PIJAMA A L&#8217;ESCOLA VINDR\u00c0S.<br \/>\nDIMARTS AMB UNA CORBATA VINDR\u00c0S O EN TOT CAS&#8230; POSA&#8217;T UN LLA\u00c7 I FELI\u00c7 AL CARNESTOLTES FAR\u00c0S!<br \/>\nDIMECRES FEU-VOS UN BON PENTINAT: DE COLORS, TUP\u00c9S, CUETES&#8230; SEREU ELS ARTISTES CONVIDATS!<br \/>\nDIJOUS VINDR\u00c0S AMB UNA PE\u00c7A DE ROBA&hellip;  <a href=\"https:\/\/agora.xtec.cat\/ceipvistaalegre\/general\/carnaval-2024\/\" title=\"Read Carnaval 2024\">Llegeix m\u00e9s\u00bb<\/a><\/p>\n","protected":false},"author":3,"featured_media":0,"comment_status":"open","ping_status":"closed","sticky":false,"template":"","format":"standard","meta":{"_bbp_topic_count":0,"_bbp_reply_count":0,"_bbp_total_topic_count":0,"_bbp_total_reply_count":0,"_bbp_voice_count":0,"_bbp_anonymous_reply_count":0,"_bbp_topic_count_hidden":0,"_bbp_reply_count_hidden":0,"_bbp_forum_subforum_count":0,"footnotes":""},"categories":[1,4],"tags":[],"class_list":["post-9572","post","type-post","status-publish","format-standard","hentry","category-general","category-portada"],"post_mailing_queue_ids":[],"_links":{"self":[{"href":"https:\/\/agora.xtec.cat\/ceipvistaalegre\/wp-json\/wp\/v2\/posts\/9572","targetHints":{"allow":["GET"]}}],"collection":[{"href":"https:\/\/agora.xtec.cat\/ceipvistaalegre\/wp-json\/wp\/v2\/posts"}],"about":[{"href":"https:\/\/agora.xtec.cat\/ceipvistaalegre\/wp-json\/wp\/v2\/types\/post"}],"author":[{"embeddable":true,"href":"https:\/\/agora.xtec.cat\/ceipvistaalegre\/wp-json\/wp\/v2\/users\/3"}],"replies":[{"embeddable":true,"href":"https:\/\/agora.xtec.cat\/ceipvistaalegre\/wp-json\/wp\/v2\/comments?post=9572"}],"version-history":[{"count":1,"href":"https:\/\/agora.xtec.cat\/ceipvistaalegre\/wp-json\/wp\/v2\/posts\/9572\/revisions"}],"predecessor-version":[{"id":9574,"href":"https:\/\/agora.xtec.cat\/ceipvistaalegre\/wp-json\/wp\/v2\/posts\/9572\/revisions\/9574"}],"wp:attachment":[{"href":"https:\/\/agora.xtec.cat\/ceipvistaalegre\/wp-json\/wp\/v2\/media?parent=9572"}],"wp:term":[{"taxonomy":"category","embeddable":true,"href":"https:\/\/agora.xtec.cat\/ceipvistaalegre\/wp-json\/wp\/v2\/categories?post=9572"},{"taxonomy":"post_tag","embeddable":true,"href":"https:\/\/agora.xtec.cat\/ceipvistaalegre\/wp-json\/wp\/v2\/tags?post=9572"}],"curies":[{"name":"wp","href":"https:\/\/api.w.org\/{rel}","templated":true}]}}