{"id":9557,"date":"2024-01-31T10:15:50","date_gmt":"2024-01-31T09:15:50","guid":{"rendered":"https:\/\/agora.xtec.cat\/ceipvistaalegre\/?p=9557"},"modified":"2024-01-31T10:15:50","modified_gmt":"2024-01-31T09:15:50","slug":"el-fil-verd-a-mataro-radio","status":"publish","type":"post","link":"https:\/\/agora.xtec.cat\/ceipvistaalegre\/portada\/el-fil-verd-a-mataro-radio\/","title":{"rendered":"&#8220;El fil verd&#8221; a Matar\u00f3 R\u00e0dio"},"content":{"rendered":"<p>El dimarts 30 de gener, una representaci\u00f3 de l&#8217;espai familiar &#8220;El fil verd&#8221; va anar a Matar\u00f3 R\u00e0dio a explicar en qu\u00e8 consisteix el projecte que s&#8217;ha posat en marxa aquest curs a l&#8217;escola.<\/p>\n<p>La Noelia com a directora, l&#8217;Albert com a integrador social i la Miriam com a mare de l&#8217;escola, van remarcar la import\u00e0ncia de l&#8217;escola com a punt d&#8217;acollida i trobada, on les fam\u00edlies senten que en formen part i col\u00b7laboren amb el centre, creant aix\u00ed un vincle entre fam\u00edlia i escola.<\/p>\n<p><a href=\"https:\/\/agora.xtec.cat\/ceipvistaalegre\/wp-content\/uploads\/usu1936\/2024\/01\/Foto-web.jpg\"><img loading=\"lazy\" decoding=\"async\" class=\" wp-image-9558 aligncenter\" src=\"https:\/\/agora.xtec.cat\/ceipvistaalegre\/wp-content\/uploads\/usu1936\/2024\/01\/Foto-web-1024x859.jpg\" alt=\"\" width=\"320\" height=\"269\" srcset=\"https:\/\/agora.xtec.cat\/ceipvistaalegre\/wp-content\/uploads\/usu1936\/2024\/01\/Foto-web-1024x859.jpg 1024w, https:\/\/agora.xtec.cat\/ceipvistaalegre\/wp-content\/uploads\/usu1936\/2024\/01\/Foto-web-300x252.jpg 300w, https:\/\/agora.xtec.cat\/ceipvistaalegre\/wp-content\/uploads\/usu1936\/2024\/01\/Foto-web-768x644.jpg 768w, https:\/\/agora.xtec.cat\/ceipvistaalegre\/wp-content\/uploads\/usu1936\/2024\/01\/Foto-web-1536x1288.jpg 1536w, https:\/\/agora.xtec.cat\/ceipvistaalegre\/wp-content\/uploads\/usu1936\/2024\/01\/Foto-web.jpg 1832w\" sizes=\"auto, (max-width: 320px) 100vw, 320px\" \/><\/a><\/p>\n<p>Aquest projecte neix de &#8220;Fem un caf\u00e8&#8221;, un programa promogut pel Moviment Educatiu del Maresme amb la col\u00b7laboraci\u00f3 de l&#8217;Ajuntament de Matar\u00f3 i les escoles participants, amb l&#8217;objectiu d&#8217;aconseguir una bona conviv\u00e8ncia i cohesi\u00f3 als centres educatius.<\/p>\n<p>Si voleu escoltar el programa, ho podreu fer el proper <strong>dimarts 6 de febrer<\/strong> a les 9:00 i a les 18:00. En breu penjarem l&#8217;enlla\u00e7!<\/p>\n","protected":false},"excerpt":{"rendered":"<p>El dimarts 30 de gener, una representaci\u00f3 de l&#8217;espai familiar &#8220;El fil verd&#8221; va anar a Matar\u00f3 R\u00e0dio a explicar en qu\u00e8 consisteix el projecte que s&#8217;ha posat en marxa aquest curs a l&#8217;escola.<br \/>\nLa Noelia com a directora, l&#8217;Albert com a integrador social i la&hellip;  <a href=\"https:\/\/agora.xtec.cat\/ceipvistaalegre\/portada\/el-fil-verd-a-mataro-radio\/\" title=\"Read &#8220;El fil verd&#8221; a Matar\u00f3 R\u00e0dio\">Llegeix m\u00e9s\u00bb<\/a><\/p>\n","protected":false},"author":3,"featured_media":0,"comment_status":"open","ping_status":"closed","sticky":false,"template":"","format":"standard","meta":{"_bbp_topic_count":0,"_bbp_reply_count":0,"_bbp_total_topic_count":0,"_bbp_total_reply_count":0,"_bbp_voice_count":0,"_bbp_anonymous_reply_count":0,"_bbp_topic_count_hidden":0,"_bbp_reply_count_hidden":0,"_bbp_forum_subforum_count":0,"footnotes":""},"categories":[4],"tags":[],"class_list":["post-9557","post","type-post","status-publish","format-standard","hentry","category-portada"],"post_mailing_queue_ids":[],"_links":{"self":[{"href":"https:\/\/agora.xtec.cat\/ceipvistaalegre\/wp-json\/wp\/v2\/posts\/9557","targetHints":{"allow":["GET"]}}],"collection":[{"href":"https:\/\/agora.xtec.cat\/ceipvistaalegre\/wp-json\/wp\/v2\/posts"}],"about":[{"href":"https:\/\/agora.xtec.cat\/ceipvistaalegre\/wp-json\/wp\/v2\/types\/post"}],"author":[{"embeddable":true,"href":"https:\/\/agora.xtec.cat\/ceipvistaalegre\/wp-json\/wp\/v2\/users\/3"}],"replies":[{"embeddable":true,"href":"https:\/\/agora.xtec.cat\/ceipvistaalegre\/wp-json\/wp\/v2\/comments?post=9557"}],"version-history":[{"count":1,"href":"https:\/\/agora.xtec.cat\/ceipvistaalegre\/wp-json\/wp\/v2\/posts\/9557\/revisions"}],"predecessor-version":[{"id":9559,"href":"https:\/\/agora.xtec.cat\/ceipvistaalegre\/wp-json\/wp\/v2\/posts\/9557\/revisions\/9559"}],"wp:attachment":[{"href":"https:\/\/agora.xtec.cat\/ceipvistaalegre\/wp-json\/wp\/v2\/media?parent=9557"}],"wp:term":[{"taxonomy":"category","embeddable":true,"href":"https:\/\/agora.xtec.cat\/ceipvistaalegre\/wp-json\/wp\/v2\/categories?post=9557"},{"taxonomy":"post_tag","embeddable":true,"href":"https:\/\/agora.xtec.cat\/ceipvistaalegre\/wp-json\/wp\/v2\/tags?post=9557"}],"curies":[{"name":"wp","href":"https:\/\/api.w.org\/{rel}","templated":true}]}}