{"id":9552,"date":"2024-01-29T12:23:31","date_gmt":"2024-01-29T11:23:31","guid":{"rendered":"https:\/\/agora.xtec.cat\/ceipvistaalegre\/?p=9552"},"modified":"2024-01-29T12:24:32","modified_gmt":"2024-01-29T11:24:32","slug":"nit-de-lesport-a-mataro","status":"publish","type":"post","link":"https:\/\/agora.xtec.cat\/ceipvistaalegre\/portada\/nit-de-lesport-a-mataro\/","title":{"rendered":"Nit de l&#8217;esport a Matar\u00f3"},"content":{"rendered":"<p>El passat divendres 26 de gener va tenir lloc la <strong>69a Nit de l&#8217;Esport<\/strong>.<\/p>\n<p>Aquest \u00e9s un acte de reconeixement a totes aquelles persones que tenen una vinculaci\u00f3 amb l&#8217;esport a la nostra ciutat: entrenadors i entrenadores, jugadors i jugadores, clubs o associacions esportives.<\/p>\n<p>Entre els guanyadors, l&#8217;escola Vista Alegre va obtenir el premi a <strong>Major Increment de Participaci\u00f3 als Jocs Escolars<\/strong> durant el curs 22\/23. Un premi que va recollir l&#8217;Al\u00edcia, com a coordinadora de les extraescolars i els Jocs Escolars del nostre centre.<\/p>\n<p>Destaquem la gran feina de l&#8217;Al\u00edcia i el seu equip, l&#8217;AMPA de l&#8217;escola i l&#8217;associaci\u00f3 Enlleura&#8217;t per la implicaci\u00f3 amb els infants de la nostra escola i fomentar la passi\u00f3 per l&#8217;esport.<\/p>\n<p><a href=\"https:\/\/agora.xtec.cat\/ceipvistaalegre\/wp-content\/uploads\/usu1936\/2024\/01\/Foto-4.jpg\"><img loading=\"lazy\" decoding=\"async\" class=\" wp-image-9553 aligncenter\" src=\"https:\/\/agora.xtec.cat\/ceipvistaalegre\/wp-content\/uploads\/usu1936\/2024\/01\/Foto-4-1024x768.jpg\" alt=\"\" width=\"443\" height=\"332\" srcset=\"https:\/\/agora.xtec.cat\/ceipvistaalegre\/wp-content\/uploads\/usu1936\/2024\/01\/Foto-4-1024x768.jpg 1024w, https:\/\/agora.xtec.cat\/ceipvistaalegre\/wp-content\/uploads\/usu1936\/2024\/01\/Foto-4-300x225.jpg 300w, https:\/\/agora.xtec.cat\/ceipvistaalegre\/wp-content\/uploads\/usu1936\/2024\/01\/Foto-4-768x576.jpg 768w, https:\/\/agora.xtec.cat\/ceipvistaalegre\/wp-content\/uploads\/usu1936\/2024\/01\/Foto-4-1536x1152.jpg 1536w, https:\/\/agora.xtec.cat\/ceipvistaalegre\/wp-content\/uploads\/usu1936\/2024\/01\/Foto-4-200x150.jpg 200w, https:\/\/agora.xtec.cat\/ceipvistaalegre\/wp-content\/uploads\/usu1936\/2024\/01\/Foto-4.jpg 2048w\" sizes=\"auto, (max-width: 443px) 100vw, 443px\" \/><\/a><\/p>\n<p>&nbsp;<\/p>\n","protected":false},"excerpt":{"rendered":"<p>El passat divendres 26 de gener va tenir lloc la 69a Nit de l&#8217;Esport.<br \/>\nAquest \u00e9s un acte de reconeixement a totes aquelles persones que tenen una vinculaci\u00f3 amb l&#8217;esport a la nostra ciutat: entrenadors i entrenadores, jugadors i jugadores, clubs o associacions esportives.<br \/>\nEntre els guanyadors,&hellip;  <a href=\"https:\/\/agora.xtec.cat\/ceipvistaalegre\/portada\/nit-de-lesport-a-mataro\/\" title=\"Read Nit de l&#8217;esport a Matar\u00f3\">Llegeix m\u00e9s\u00bb<\/a><\/p>\n","protected":false},"author":3,"featured_media":0,"comment_status":"open","ping_status":"closed","sticky":false,"template":"","format":"standard","meta":{"_bbp_topic_count":0,"_bbp_reply_count":0,"_bbp_total_topic_count":0,"_bbp_total_reply_count":0,"_bbp_voice_count":0,"_bbp_anonymous_reply_count":0,"_bbp_topic_count_hidden":0,"_bbp_reply_count_hidden":0,"_bbp_forum_subforum_count":0,"footnotes":""},"categories":[4],"tags":[],"class_list":["post-9552","post","type-post","status-publish","format-standard","hentry","category-portada"],"post_mailing_queue_ids":[],"_links":{"self":[{"href":"https:\/\/agora.xtec.cat\/ceipvistaalegre\/wp-json\/wp\/v2\/posts\/9552","targetHints":{"allow":["GET"]}}],"collection":[{"href":"https:\/\/agora.xtec.cat\/ceipvistaalegre\/wp-json\/wp\/v2\/posts"}],"about":[{"href":"https:\/\/agora.xtec.cat\/ceipvistaalegre\/wp-json\/wp\/v2\/types\/post"}],"author":[{"embeddable":true,"href":"https:\/\/agora.xtec.cat\/ceipvistaalegre\/wp-json\/wp\/v2\/users\/3"}],"replies":[{"embeddable":true,"href":"https:\/\/agora.xtec.cat\/ceipvistaalegre\/wp-json\/wp\/v2\/comments?post=9552"}],"version-history":[{"count":1,"href":"https:\/\/agora.xtec.cat\/ceipvistaalegre\/wp-json\/wp\/v2\/posts\/9552\/revisions"}],"predecessor-version":[{"id":9556,"href":"https:\/\/agora.xtec.cat\/ceipvistaalegre\/wp-json\/wp\/v2\/posts\/9552\/revisions\/9556"}],"wp:attachment":[{"href":"https:\/\/agora.xtec.cat\/ceipvistaalegre\/wp-json\/wp\/v2\/media?parent=9552"}],"wp:term":[{"taxonomy":"category","embeddable":true,"href":"https:\/\/agora.xtec.cat\/ceipvistaalegre\/wp-json\/wp\/v2\/categories?post=9552"},{"taxonomy":"post_tag","embeddable":true,"href":"https:\/\/agora.xtec.cat\/ceipvistaalegre\/wp-json\/wp\/v2\/tags?post=9552"}],"curies":[{"name":"wp","href":"https:\/\/api.w.org\/{rel}","templated":true}]}}