{"id":9533,"date":"2024-01-26T17:54:31","date_gmt":"2024-01-26T16:54:31","guid":{"rendered":"https:\/\/agora.xtec.cat\/ceipvistaalegre\/?p=9533"},"modified":"2024-01-26T17:54:31","modified_gmt":"2024-01-26T16:54:31","slug":"tallers-plastics-a-1r-i-2n","status":"publish","type":"post","link":"https:\/\/agora.xtec.cat\/ceipvistaalegre\/primaria\/1r\/tallers-plastics-a-1r-i-2n\/","title":{"rendered":"TALLERS PL\u00c0STICS A 1R I 2N"},"content":{"rendered":"<p>Avu\u00ed divendres, els nens i nenes de 1r i 2n han comen\u00e7at els <strong>tallers pl\u00e0stics<\/strong> sobre l&#8217;artista que estan treballant, <strong>Picasso<\/strong>. Fent servir diferents t\u00e8cniques han representat obres de les diferents etapes. Han guadit experimentant amb el collage, les aquarel\u00b7les, les ceres i la composici\u00f3 amb textures. <strong>Ha estat molt divertit i ens ha quedat xul\u00edssim!!<\/strong><\/p>\n<p><a href=\"https:\/\/agora.xtec.cat\/ceipvistaalegre\/wp-content\/uploads\/usu1936\/2024\/01\/InShot_20240126_173126666-1.jpg\"><img loading=\"lazy\" decoding=\"async\" class=\"wp-image-9534 aligncenter\" src=\"https:\/\/agora.xtec.cat\/ceipvistaalegre\/wp-content\/uploads\/usu1936\/2024\/01\/InShot_20240126_173126666-1-1024x1024.jpg\" alt=\"\" width=\"780\" height=\"780\" srcset=\"https:\/\/agora.xtec.cat\/ceipvistaalegre\/wp-content\/uploads\/usu1936\/2024\/01\/InShot_20240126_173126666-1-1024x1024.jpg 1024w, https:\/\/agora.xtec.cat\/ceipvistaalegre\/wp-content\/uploads\/usu1936\/2024\/01\/InShot_20240126_173126666-1-300x300.jpg 300w, https:\/\/agora.xtec.cat\/ceipvistaalegre\/wp-content\/uploads\/usu1936\/2024\/01\/InShot_20240126_173126666-1-150x150.jpg 150w, https:\/\/agora.xtec.cat\/ceipvistaalegre\/wp-content\/uploads\/usu1936\/2024\/01\/InShot_20240126_173126666-1-768x768.jpg 768w, https:\/\/agora.xtec.cat\/ceipvistaalegre\/wp-content\/uploads\/usu1936\/2024\/01\/InShot_20240126_173126666-1-1536x1536.jpg 1536w, https:\/\/agora.xtec.cat\/ceipvistaalegre\/wp-content\/uploads\/usu1936\/2024\/01\/InShot_20240126_173126666-1.jpg 1920w\" sizes=\"auto, (max-width: 780px) 100vw, 780px\" \/><\/a><\/p>\n","protected":false},"excerpt":{"rendered":"<p>Avu\u00ed divendres, els nens i nenes de 1r i 2n han comen\u00e7at els tallers pl\u00e0stics sobre l&#8217;artista que estan treballant, Picasso. Fent servir diferents t\u00e8cniques han representat obres de les diferents etapes. Han guadit experimentant amb el collage, les aquarel\u00b7les, les ceres i la composici\u00f3&hellip;  <a href=\"https:\/\/agora.xtec.cat\/ceipvistaalegre\/primaria\/1r\/tallers-plastics-a-1r-i-2n\/\" title=\"Read TALLERS PL\u00c0STICS A 1R I 2N\">Llegeix m\u00e9s\u00bb<\/a><\/p>\n","protected":false},"author":25,"featured_media":0,"comment_status":"open","ping_status":"closed","sticky":false,"template":"","format":"standard","meta":{"_bbp_topic_count":0,"_bbp_reply_count":0,"_bbp_total_topic_count":0,"_bbp_total_reply_count":0,"_bbp_voice_count":0,"_bbp_anonymous_reply_count":0,"_bbp_topic_count_hidden":0,"_bbp_reply_count_hidden":0,"_bbp_forum_subforum_count":0,"footnotes":""},"categories":[10],"tags":[],"class_list":["post-9533","post","type-post","status-publish","format-standard","hentry","category-1r"],"post_mailing_queue_ids":[],"_links":{"self":[{"href":"https:\/\/agora.xtec.cat\/ceipvistaalegre\/wp-json\/wp\/v2\/posts\/9533","targetHints":{"allow":["GET"]}}],"collection":[{"href":"https:\/\/agora.xtec.cat\/ceipvistaalegre\/wp-json\/wp\/v2\/posts"}],"about":[{"href":"https:\/\/agora.xtec.cat\/ceipvistaalegre\/wp-json\/wp\/v2\/types\/post"}],"author":[{"embeddable":true,"href":"https:\/\/agora.xtec.cat\/ceipvistaalegre\/wp-json\/wp\/v2\/users\/25"}],"replies":[{"embeddable":true,"href":"https:\/\/agora.xtec.cat\/ceipvistaalegre\/wp-json\/wp\/v2\/comments?post=9533"}],"version-history":[{"count":1,"href":"https:\/\/agora.xtec.cat\/ceipvistaalegre\/wp-json\/wp\/v2\/posts\/9533\/revisions"}],"predecessor-version":[{"id":9535,"href":"https:\/\/agora.xtec.cat\/ceipvistaalegre\/wp-json\/wp\/v2\/posts\/9533\/revisions\/9535"}],"wp:attachment":[{"href":"https:\/\/agora.xtec.cat\/ceipvistaalegre\/wp-json\/wp\/v2\/media?parent=9533"}],"wp:term":[{"taxonomy":"category","embeddable":true,"href":"https:\/\/agora.xtec.cat\/ceipvistaalegre\/wp-json\/wp\/v2\/categories?post=9533"},{"taxonomy":"post_tag","embeddable":true,"href":"https:\/\/agora.xtec.cat\/ceipvistaalegre\/wp-json\/wp\/v2\/tags?post=9533"}],"curies":[{"name":"wp","href":"https:\/\/api.w.org\/{rel}","templated":true}]}}