{"id":9530,"date":"2024-01-24T22:15:45","date_gmt":"2024-01-24T21:15:45","guid":{"rendered":"https:\/\/agora.xtec.cat\/ceipvistaalegre\/?p=9530"},"modified":"2024-01-31T10:21:53","modified_gmt":"2024-01-31T09:21:53","slug":"llengua-i-entorn-catala-per-a-families","status":"publish","type":"post","link":"https:\/\/agora.xtec.cat\/ceipvistaalegre\/portada\/llengua-i-entorn-catala-per-a-families\/","title":{"rendered":"Llengua i entorn. Catal\u00e0 per a fam\u00edlies."},"content":{"rendered":"<p><iframe loading=\"lazy\" title=\"El MEM impulsa un projecte per vincular el catal\u00e0 a les fam\u00edlies\" width=\"500\" height=\"281\" src=\"https:\/\/www.youtube.com\/embed\/NnifuefWa2Q?feature=oembed\" frameborder=\"0\" allow=\"accelerometer; autoplay; clipboard-write; encrypted-media; gyroscope; picture-in-picture; web-share\" referrerpolicy=\"strict-origin-when-cross-origin\" allowfullscreen><\/iframe><\/p>\n<p>El Moviment Educatiu del Maresme, \u00d2mnium Cultural i l&#8217;Ajuntament de Matar\u00f3 promouen la llengua catalana oferint classes de catal\u00e0.<\/p>\n<p>A la nostra escola, aquest curs s&#8217;han comen\u00e7at a oferir aquestes classes per a les fam\u00edlies que no dominen l&#8217;idioma i volen aprendre. Les participants venen molt contentes i tenen moltes ganes!<\/p>\n","protected":false},"excerpt":{"rendered":"<p>El Moviment Educatiu del Maresme, \u00d2mnium Cultural i l&#8217;Ajuntament de Matar\u00f3 promouen la llengua catalana oferint classes de catal\u00e0.<br \/>\nA la nostra escola, aquest curs s&#8217;han comen\u00e7at a oferir aquestes classes per a les fam\u00edlies que no dominen l&#8217;idioma i volen aprendre. Les participants venen molt&hellip;  <a href=\"https:\/\/agora.xtec.cat\/ceipvistaalegre\/portada\/llengua-i-entorn-catala-per-a-families\/\" title=\"Read Llengua i entorn. Catal\u00e0 per a fam\u00edlies.\">Llegeix m\u00e9s\u00bb<\/a><\/p>\n","protected":false},"author":3,"featured_media":9531,"comment_status":"open","ping_status":"closed","sticky":false,"template":"","format":"standard","meta":{"_bbp_topic_count":0,"_bbp_reply_count":0,"_bbp_total_topic_count":0,"_bbp_total_reply_count":0,"_bbp_voice_count":0,"_bbp_anonymous_reply_count":0,"_bbp_topic_count_hidden":0,"_bbp_reply_count_hidden":0,"_bbp_forum_subforum_count":0,"footnotes":""},"categories":[4],"tags":[],"class_list":["post-9530","post","type-post","status-publish","format-standard","has-post-thumbnail","hentry","category-portada"],"post_mailing_queue_ids":[],"_links":{"self":[{"href":"https:\/\/agora.xtec.cat\/ceipvistaalegre\/wp-json\/wp\/v2\/posts\/9530","targetHints":{"allow":["GET"]}}],"collection":[{"href":"https:\/\/agora.xtec.cat\/ceipvistaalegre\/wp-json\/wp\/v2\/posts"}],"about":[{"href":"https:\/\/agora.xtec.cat\/ceipvistaalegre\/wp-json\/wp\/v2\/types\/post"}],"author":[{"embeddable":true,"href":"https:\/\/agora.xtec.cat\/ceipvistaalegre\/wp-json\/wp\/v2\/users\/3"}],"replies":[{"embeddable":true,"href":"https:\/\/agora.xtec.cat\/ceipvistaalegre\/wp-json\/wp\/v2\/comments?post=9530"}],"version-history":[{"count":2,"href":"https:\/\/agora.xtec.cat\/ceipvistaalegre\/wp-json\/wp\/v2\/posts\/9530\/revisions"}],"predecessor-version":[{"id":9560,"href":"https:\/\/agora.xtec.cat\/ceipvistaalegre\/wp-json\/wp\/v2\/posts\/9530\/revisions\/9560"}],"wp:featuredmedia":[{"embeddable":true,"href":"https:\/\/agora.xtec.cat\/ceipvistaalegre\/wp-json\/wp\/v2\/media\/9531"}],"wp:attachment":[{"href":"https:\/\/agora.xtec.cat\/ceipvistaalegre\/wp-json\/wp\/v2\/media?parent=9530"}],"wp:term":[{"taxonomy":"category","embeddable":true,"href":"https:\/\/agora.xtec.cat\/ceipvistaalegre\/wp-json\/wp\/v2\/categories?post=9530"},{"taxonomy":"post_tag","embeddable":true,"href":"https:\/\/agora.xtec.cat\/ceipvistaalegre\/wp-json\/wp\/v2\/tags?post=9530"}],"curies":[{"name":"wp","href":"https:\/\/api.w.org\/{rel}","templated":true}]}}