{"id":9513,"date":"2024-01-22T16:50:05","date_gmt":"2024-01-22T15:50:05","guid":{"rendered":"https:\/\/agora.xtec.cat\/ceipvistaalegre\/?p=9513"},"modified":"2024-06-06T06:27:50","modified_gmt":"2024-06-06T04:27:50","slug":"obrint-mirades-cap-a-la-representacio-el-full-en-blanc","status":"publish","type":"post","link":"https:\/\/agora.xtec.cat\/ceipvistaalegre\/infantil\/infantil-4-anys\/obrint-mirades-cap-a-la-representacio-el-full-en-blanc\/","title":{"rendered":"OBRINT MIRADES CAP A LA REPRESENTACI\u00d3: EL FULL EN BLANC."},"content":{"rendered":"<p>Benvinguts al m\u00f3n del raonament!<\/p>\n<p>A la classe de les flors estem aprenent que podem representar les matem\u00e0tiques sobre un full en blanc. Personalitzant d&#8217;aquesta manera la tasca sobre el paper.\u00a0 \u00a0Els infants expressen sobre el full en blanc el seu raonament, la seva soluci\u00f3, el proc\u00e9s o el que han apr\u00e8s fent \u00fas d&#8217;un llenguatge gr\u00e0fic a trav\u00e9s de dibuixos i esquemes, llenguatge simb\u00f2lic matem\u00e0tic, amb signes, tot triant la manera d&#8217;explicar-ho, com vulguin,\u00a0 a la seva manera.<\/p>\n<p>Ser\u00e0 un moment de calma i de reflexi\u00f3 on revisa el que ha viscut, escull i mostra una part rellevant de l&#8217;activitat que ha vivenciat i compartit amb els iguals.<\/p>\n<p>Hem iniciat aquesta tasca amb el conte: <strong>&#8220;Quatre petites cantonades de no res&#8221;.<\/strong><\/p>\n<p>Esperem que ho gaudiu tant com ho hem gaudit nosaltres amb ells.<\/p>\n<p>Les petites coses acaben sent grans coses.<\/p>\n<p><a style=\"color: #2795b6;\" href=\"https:\/\/agora.xtec.cat\/ceipvistaalegre\/wp-content\/uploads\/usu1936\/2024\/01\/Quatre-petites-cantonades_compressed-1.pdf\">Quatre petites cantonades_compres<\/a><\/p>\n<p>&nbsp;<\/p>\n<p>&nbsp;<\/p>\n","protected":false},"excerpt":{"rendered":"<p>Benvinguts al m\u00f3n del raonament!<br \/>\nA la classe de les flors estem aprenent que podem representar les matem\u00e0tiques sobre un full en blanc. Personalitzant d&#8217;aquesta manera la tasca sobre el paper.\u00a0 \u00a0Els infants expressen sobre el full en blanc el seu raonament, la seva soluci\u00f3, el&hellip;  <a href=\"https:\/\/agora.xtec.cat\/ceipvistaalegre\/infantil\/infantil-4-anys\/obrint-mirades-cap-a-la-representacio-el-full-en-blanc\/\" title=\"Read OBRINT MIRADES CAP A LA REPRESENTACI\u00d3: EL FULL EN BLANC.\">Llegeix m\u00e9s\u00bb<\/a><\/p>\n","protected":false},"author":4,"featured_media":0,"comment_status":"open","ping_status":"closed","sticky":false,"template":"","format":"standard","meta":{"_bbp_topic_count":0,"_bbp_reply_count":0,"_bbp_total_topic_count":0,"_bbp_total_reply_count":0,"_bbp_voice_count":0,"_bbp_anonymous_reply_count":0,"_bbp_topic_count_hidden":0,"_bbp_reply_count_hidden":0,"_bbp_forum_subforum_count":0,"footnotes":""},"categories":[8],"tags":[],"class_list":["post-9513","post","type-post","status-publish","format-standard","hentry","category-infantil-4-anys"],"post_mailing_queue_ids":[],"_links":{"self":[{"href":"https:\/\/agora.xtec.cat\/ceipvistaalegre\/wp-json\/wp\/v2\/posts\/9513","targetHints":{"allow":["GET"]}}],"collection":[{"href":"https:\/\/agora.xtec.cat\/ceipvistaalegre\/wp-json\/wp\/v2\/posts"}],"about":[{"href":"https:\/\/agora.xtec.cat\/ceipvistaalegre\/wp-json\/wp\/v2\/types\/post"}],"author":[{"embeddable":true,"href":"https:\/\/agora.xtec.cat\/ceipvistaalegre\/wp-json\/wp\/v2\/users\/4"}],"replies":[{"embeddable":true,"href":"https:\/\/agora.xtec.cat\/ceipvistaalegre\/wp-json\/wp\/v2\/comments?post=9513"}],"version-history":[{"count":5,"href":"https:\/\/agora.xtec.cat\/ceipvistaalegre\/wp-json\/wp\/v2\/posts\/9513\/revisions"}],"predecessor-version":[{"id":10052,"href":"https:\/\/agora.xtec.cat\/ceipvistaalegre\/wp-json\/wp\/v2\/posts\/9513\/revisions\/10052"}],"wp:attachment":[{"href":"https:\/\/agora.xtec.cat\/ceipvistaalegre\/wp-json\/wp\/v2\/media?parent=9513"}],"wp:term":[{"taxonomy":"category","embeddable":true,"href":"https:\/\/agora.xtec.cat\/ceipvistaalegre\/wp-json\/wp\/v2\/categories?post=9513"},{"taxonomy":"post_tag","embeddable":true,"href":"https:\/\/agora.xtec.cat\/ceipvistaalegre\/wp-json\/wp\/v2\/tags?post=9513"}],"curies":[{"name":"wp","href":"https:\/\/api.w.org\/{rel}","templated":true}]}}