{"id":9505,"date":"2024-01-19T19:35:13","date_gmt":"2024-01-19T18:35:13","guid":{"rendered":"https:\/\/agora.xtec.cat\/ceipvistaalegre\/?p=9505"},"modified":"2024-01-19T19:35:13","modified_gmt":"2024-01-19T18:35:13","slug":"tallers-cooperatius","status":"publish","type":"post","link":"https:\/\/agora.xtec.cat\/ceipvistaalegre\/primaria\/6e\/tallers-cooperatius\/","title":{"rendered":"Tallers cooperatius"},"content":{"rendered":"<p>Els alumnes de cinqu\u00e8 i sis\u00e8 de prim\u00e0ria, fan activitats conjuntes de manera cooperativa.<\/p>\n<p>Una de les activitats proposades s\u00f3n els tallers de pl\u00e0stica, aquest curs es treballa l&#8217;artista Frida Kahlo. Entre ells s&#8217;han de posar d&#8217;acod a l&#8217;hora d&#8217;organitzar, qu\u00e8 \u00e9s el que far\u00e0 cadasc\u00fa, quina t\u00e8cnica faran servir, i l&#8217;\u00fas\u00a0 de port\u00e0tils per buscar informaci\u00f3.<\/p>\n<p>&nbsp;<\/p>\n<p><a href=\"https:\/\/agora.xtec.cat\/ceipvistaalegre\/wp-content\/uploads\/usu1936\/2024\/01\/WhatsApp-Image-2024-01-19-at-18.45.23-7.jpeg\"><img loading=\"lazy\" decoding=\"async\" class=\"alignnone  wp-image-9507\" src=\"https:\/\/agora.xtec.cat\/ceipvistaalegre\/wp-content\/uploads\/usu1936\/2024\/01\/WhatsApp-Image-2024-01-19-at-18.45.23-7-768x1024.jpeg\" alt=\"\" width=\"243\" height=\"324\" srcset=\"https:\/\/agora.xtec.cat\/ceipvistaalegre\/wp-content\/uploads\/usu1936\/2024\/01\/WhatsApp-Image-2024-01-19-at-18.45.23-7-768x1024.jpeg 768w, https:\/\/agora.xtec.cat\/ceipvistaalegre\/wp-content\/uploads\/usu1936\/2024\/01\/WhatsApp-Image-2024-01-19-at-18.45.23-7-225x300.jpeg 225w, https:\/\/agora.xtec.cat\/ceipvistaalegre\/wp-content\/uploads\/usu1936\/2024\/01\/WhatsApp-Image-2024-01-19-at-18.45.23-7-1152x1536.jpeg 1152w, https:\/\/agora.xtec.cat\/ceipvistaalegre\/wp-content\/uploads\/usu1936\/2024\/01\/WhatsApp-Image-2024-01-19-at-18.45.23-7.jpeg 1536w\" sizes=\"auto, (max-width: 243px) 100vw, 243px\" \/><\/a><\/p>\n<p><img loading=\"lazy\" decoding=\"async\" class=\"alignnone  wp-image-9508\" src=\"https:\/\/agora.xtec.cat\/ceipvistaalegre\/wp-content\/uploads\/usu1936\/2024\/01\/WhatsApp-Image-2024-01-19-at-19.25.37-1024x768.jpeg\" alt=\"\" width=\"278\" height=\"209\" srcset=\"https:\/\/agora.xtec.cat\/ceipvistaalegre\/wp-content\/uploads\/usu1936\/2024\/01\/WhatsApp-Image-2024-01-19-at-19.25.37-1024x768.jpeg 1024w, https:\/\/agora.xtec.cat\/ceipvistaalegre\/wp-content\/uploads\/usu1936\/2024\/01\/WhatsApp-Image-2024-01-19-at-19.25.37-300x225.jpeg 300w, https:\/\/agora.xtec.cat\/ceipvistaalegre\/wp-content\/uploads\/usu1936\/2024\/01\/WhatsApp-Image-2024-01-19-at-19.25.37-768x576.jpeg 768w, https:\/\/agora.xtec.cat\/ceipvistaalegre\/wp-content\/uploads\/usu1936\/2024\/01\/WhatsApp-Image-2024-01-19-at-19.25.37-1536x1152.jpeg 1536w, https:\/\/agora.xtec.cat\/ceipvistaalegre\/wp-content\/uploads\/usu1936\/2024\/01\/WhatsApp-Image-2024-01-19-at-19.25.37-200x150.jpeg 200w, https:\/\/agora.xtec.cat\/ceipvistaalegre\/wp-content\/uploads\/usu1936\/2024\/01\/WhatsApp-Image-2024-01-19-at-19.25.37.jpeg 2048w\" sizes=\"auto, (max-width: 278px) 100vw, 278px\" \/><\/p>\n<p>&nbsp;<\/p>\n<p>&nbsp;<\/p>\n","protected":false},"excerpt":{"rendered":"<p>Els alumnes de cinqu\u00e8 i sis\u00e8 de prim\u00e0ria, fan activitats conjuntes de manera cooperativa.<br \/>\nUna de les activitats proposades s\u00f3n els tallers de pl\u00e0stica, aquest curs es treballa l&#8217;artista Frida Kahlo. Entre ells s&#8217;han de posar d&#8217;acod a l&#8217;hora d&#8217;organitzar, qu\u00e8 \u00e9s el que far\u00e0 cadasc\u00fa,&hellip;  <a href=\"https:\/\/agora.xtec.cat\/ceipvistaalegre\/primaria\/6e\/tallers-cooperatius\/\" title=\"Read Tallers cooperatius\">Llegeix m\u00e9s\u00bb<\/a><\/p>\n","protected":false},"author":18,"featured_media":0,"comment_status":"open","ping_status":"closed","sticky":false,"template":"","format":"standard","meta":{"_bbp_topic_count":0,"_bbp_reply_count":0,"_bbp_total_topic_count":0,"_bbp_total_reply_count":0,"_bbp_voice_count":0,"_bbp_anonymous_reply_count":0,"_bbp_topic_count_hidden":0,"_bbp_reply_count_hidden":0,"_bbp_forum_subforum_count":0,"footnotes":""},"categories":[15],"tags":[],"class_list":["post-9505","post","type-post","status-publish","format-standard","hentry","category-6e"],"post_mailing_queue_ids":[],"_links":{"self":[{"href":"https:\/\/agora.xtec.cat\/ceipvistaalegre\/wp-json\/wp\/v2\/posts\/9505","targetHints":{"allow":["GET"]}}],"collection":[{"href":"https:\/\/agora.xtec.cat\/ceipvistaalegre\/wp-json\/wp\/v2\/posts"}],"about":[{"href":"https:\/\/agora.xtec.cat\/ceipvistaalegre\/wp-json\/wp\/v2\/types\/post"}],"author":[{"embeddable":true,"href":"https:\/\/agora.xtec.cat\/ceipvistaalegre\/wp-json\/wp\/v2\/users\/18"}],"replies":[{"embeddable":true,"href":"https:\/\/agora.xtec.cat\/ceipvistaalegre\/wp-json\/wp\/v2\/comments?post=9505"}],"version-history":[{"count":1,"href":"https:\/\/agora.xtec.cat\/ceipvistaalegre\/wp-json\/wp\/v2\/posts\/9505\/revisions"}],"predecessor-version":[{"id":9509,"href":"https:\/\/agora.xtec.cat\/ceipvistaalegre\/wp-json\/wp\/v2\/posts\/9505\/revisions\/9509"}],"wp:attachment":[{"href":"https:\/\/agora.xtec.cat\/ceipvistaalegre\/wp-json\/wp\/v2\/media?parent=9505"}],"wp:term":[{"taxonomy":"category","embeddable":true,"href":"https:\/\/agora.xtec.cat\/ceipvistaalegre\/wp-json\/wp\/v2\/categories?post=9505"},{"taxonomy":"post_tag","embeddable":true,"href":"https:\/\/agora.xtec.cat\/ceipvistaalegre\/wp-json\/wp\/v2\/tags?post=9505"}],"curies":[{"name":"wp","href":"https:\/\/api.w.org\/{rel}","templated":true}]}}