{"id":9500,"date":"2024-02-06T19:29:06","date_gmt":"2024-02-06T18:29:06","guid":{"rendered":"https:\/\/agora.xtec.cat\/ceipvistaalegre\/?p=9500"},"modified":"2024-02-06T19:29:07","modified_gmt":"2024-02-06T18:29:07","slug":"racons-de-lhivern-2","status":"publish","type":"post","link":"https:\/\/agora.xtec.cat\/ceipvistaalegre\/infantil\/infantil-3-anys\/racons-de-lhivern-2\/","title":{"rendered":"Racons de l&#8217;hivern."},"content":{"rendered":"<p><a href=\"https:\/\/agora.xtec.cat\/ceipvistaalegre\/infantil\/infantil-3-anys\/racons-de-lhivern-2\/attachment\/photo-output-2-1\/\" rel=\"attachment wp-att-9575\"><img loading=\"lazy\" decoding=\"async\" class=\"aligncenter size-full wp-image-9575\" src=\"https:\/\/agora.xtec.cat\/ceipvistaalegre\/wp-content\/uploads\/usu1936\/2024\/02\/photo-output-2-1-scaled.jpg\" alt=\"\" width=\"2560\" height=\"2560\" srcset=\"https:\/\/agora.xtec.cat\/ceipvistaalegre\/wp-content\/uploads\/usu1936\/2024\/02\/photo-output-2-1-scaled.jpg 2560w, https:\/\/agora.xtec.cat\/ceipvistaalegre\/wp-content\/uploads\/usu1936\/2024\/02\/photo-output-2-1-300x300.jpg 300w, https:\/\/agora.xtec.cat\/ceipvistaalegre\/wp-content\/uploads\/usu1936\/2024\/02\/photo-output-2-1-1024x1024.jpg 1024w, https:\/\/agora.xtec.cat\/ceipvistaalegre\/wp-content\/uploads\/usu1936\/2024\/02\/photo-output-2-1-150x150.jpg 150w, https:\/\/agora.xtec.cat\/ceipvistaalegre\/wp-content\/uploads\/usu1936\/2024\/02\/photo-output-2-1-768x768.jpg 768w, https:\/\/agora.xtec.cat\/ceipvistaalegre\/wp-content\/uploads\/usu1936\/2024\/02\/photo-output-2-1-1536x1536.jpg 1536w, https:\/\/agora.xtec.cat\/ceipvistaalegre\/wp-content\/uploads\/usu1936\/2024\/02\/photo-output-2-1-2048x2048.jpg 2048w\" sizes=\"auto, (max-width: 2560px) 100vw, 2560px\" \/><\/a>Fa una setmana que hem acabat la primera ronda dels racons d&#8217;aprenentatge de l&#8217;hivern. A trav\u00e9s dels diferents racons hem anat descobrint l&#8217;estaci\u00f3 del fred i a realitzar les activitats de manera m\u00e9s aut\u00f2noma:<\/p>\n<ul>\n<li><strong><em>El vocabulari de l&#8217;hivern. <\/em><\/strong>Sobretot relacionat amb la roba que portem el dia a dia a l&#8217;escola. Con\u00e8ixer noves paraules. Com sonen les seves lletres&#8230;<\/li>\n<li><em><strong>Comptem i escrivim<\/strong>.\u00a0<\/em>Relacionar la quantitat amb la seva grafia. Fer el comptatge un a un. Representar la quantitat de diferents maneres. Escriure els nombres amb model i sense.<\/li>\n<li><em><strong>Construccions a la taula de llum. <\/strong><\/em>\u00c9s opac, transparent o transl\u00facid? Com canvien els colors dels objectes? La creativitat i la representaci\u00f3 de mons imaginaris.<\/li>\n<li><strong><em>Com \u00e9s la neu?<\/em><\/strong> De quin color \u00e9s? Est\u00e0 freda o calenta? Manipular, fer transvasaments, creacions amb volum&#8230;<\/li>\n<li><em><strong>Enfila i enfila el floc de neu.<\/strong>\u00a0<\/em>Amb una bona coordinaci\u00f3 \u00f2cul &#8211; manual podem enfilar i crear elements per decorar i gaudir.<\/li>\n<\/ul>\n","protected":false},"excerpt":{"rendered":"<p><a href=\"https:\/\/agora.xtec.cat\/ceipvistaalegre\/infantil\/infantil-3-anys\/racons-de-lhivern-2\/attachment\/photo-output-2-1\/\" rel=\"attachment wp-att-9575\"><\/a>Fa una setmana que hem acabat la primera ronda dels racons d&#8217;aprenentatge de l&#8217;hivern. A trav\u00e9s dels diferents racons hem anat descobrint l&#8217;estaci\u00f3 del fred i a realitzar les activitats de manera m\u00e9s aut\u00f2noma:<\/p>\n<ul>\n<li>El vocabulari de l&#8217;hivern. Sobretot relacionat amb la roba&hellip;  <a href=\"https:\/\/agora.xtec.cat\/ceipvistaalegre\/infantil\/infantil-3-anys\/racons-de-lhivern-2\/\" title=\"Read Racons de l&#8217;hivern.\">Llegeix m\u00e9s\u00bb<\/a><br \/>\n","protected":false},"author":4,"featured_media":0,"comment_status":"open","ping_status":"closed","sticky":false,"template":"","format":"standard","meta":{"_bbp_topic_count":0,"_bbp_reply_count":0,"_bbp_total_topic_count":0,"_bbp_total_reply_count":0,"_bbp_voice_count":0,"_bbp_anonymous_reply_count":0,"_bbp_topic_count_hidden":0,"_bbp_reply_count_hidden":0,"_bbp_forum_subforum_count":0,"footnotes":""},"categories":[3],"tags":[129,149,232,203,194,292,237],"class_list":["post-9500","post","type-post","status-publish","format-standard","hentry","category-infantil-3-anys","tag-construccions","tag-motricitat-fina","tag-racons-hivern","tag-racons-llenguatge","tag-racons-matematics","tag-sensorial","tag-taula-de-llum"],"post_mailing_queue_ids":[],"_links":{"self":[{"href":"https:\/\/agora.xtec.cat\/ceipvistaalegre\/wp-json\/wp\/v2\/posts\/9500","targetHints":{"allow":["GET"]}}],"collection":[{"href":"https:\/\/agora.xtec.cat\/ceipvistaalegre\/wp-json\/wp\/v2\/posts"}],"about":[{"href":"https:\/\/agora.xtec.cat\/ceipvistaalegre\/wp-json\/wp\/v2\/types\/post"}],"author":[{"embeddable":true,"href":"https:\/\/agora.xtec.cat\/ceipvistaalegre\/wp-json\/wp\/v2\/users\/4"}],"replies":[{"embeddable":true,"href":"https:\/\/agora.xtec.cat\/ceipvistaalegre\/wp-json\/wp\/v2\/comments?post=9500"}],"version-history":[{"count":4,"href":"https:\/\/agora.xtec.cat\/ceipvistaalegre\/wp-json\/wp\/v2\/posts\/9500\/revisions"}],"predecessor-version":[{"id":9578,"href":"https:\/\/agora.xtec.cat\/ceipvistaalegre\/wp-json\/wp\/v2\/posts\/9500\/revisions\/9578"}],"wp:attachment":[{"href":"https:\/\/agora.xtec.cat\/ceipvistaalegre\/wp-json\/wp\/v2\/media?parent=9500"}],"wp:term":[{"taxonomy":"category","embeddable":true,"href":"https:\/\/agora.xtec.cat\/ceipvistaalegre\/wp-json\/wp\/v2\/categories?post=9500"},{"taxonomy":"post_tag","embeddable":true,"href":"https:\/\/agora.xtec.cat\/ceipvistaalegre\/wp-json\/wp\/v2\/tags?post=9500"}],"curies":[{"name":"wp","href":"https:\/\/api.w.org\/{rel}","templated":true}]}}