{"id":9494,"date":"2024-01-18T19:25:15","date_gmt":"2024-01-18T18:25:15","guid":{"rendered":"https:\/\/agora.xtec.cat\/ceipvistaalegre\/?p=9494"},"modified":"2024-01-18T19:25:15","modified_gmt":"2024-01-18T18:25:15","slug":"sortida-picasso","status":"publish","type":"post","link":"https:\/\/agora.xtec.cat\/ceipvistaalegre\/primaria\/2n\/sortida-picasso\/","title":{"rendered":"SORTIDA PICASSO"},"content":{"rendered":"<p><strong>Gran dia avui!!<\/strong> Primer de concert a l&#8217;<strong>Auditori de Barcelona<\/strong>, on hem gaudit de l&#8217;espectacle <strong>PICA-SO<\/strong>. All\u00e0 quatre <strong>m\u00fasics<\/strong> i una <strong>ballarina<\/strong> han fet m\u00e0gia amb el seu so, la seva veu i el seu moviment, mentre molt\u00edssimes imatges projectades en un mural de l&#8217;escenari ens recordaven a les <strong>pintures<\/strong> d&#8217;en Picasso.<\/p>\n<p>Despr\u00e9s al <strong>Museu Picasso<\/strong>, on hem pogut trobar moltes obres de l&#8217;artista que ja hav\u00edem descobert a classe. Les <strong>obres realistes<\/strong> de la seva joventut a Barcelona, de l&#8217;estada a Par\u00eds, de <strong>l&#8217;\u00e8poca blava i rosa<\/strong>, del <strong>cubisme<\/strong>, i les m\u00e9s boniques les del <strong>colom de la pau<\/strong> i les <strong>menines<\/strong>.<\/p>\n<p>I per postres passejada i joc al <strong>Parc de la Ciutadella.<\/strong><\/p>\n<p>.<a href=\"https:\/\/agora.xtec.cat\/ceipvistaalegre\/wp-content\/uploads\/usu1936\/2024\/01\/PICASSO-SORTIDA.jpg\"><img loading=\"lazy\" decoding=\"async\" class=\"wp-image-9496 aligncenter\" src=\"https:\/\/agora.xtec.cat\/ceipvistaalegre\/wp-content\/uploads\/usu1936\/2024\/01\/PICASSO-SORTIDA-634x1024.jpg\" alt=\"\" width=\"373\" height=\"603\" srcset=\"https:\/\/agora.xtec.cat\/ceipvistaalegre\/wp-content\/uploads\/usu1936\/2024\/01\/PICASSO-SORTIDA-634x1024.jpg 634w, https:\/\/agora.xtec.cat\/ceipvistaalegre\/wp-content\/uploads\/usu1936\/2024\/01\/PICASSO-SORTIDA-186x300.jpg 186w, https:\/\/agora.xtec.cat\/ceipvistaalegre\/wp-content\/uploads\/usu1936\/2024\/01\/PICASSO-SORTIDA-768x1241.jpg 768w, https:\/\/agora.xtec.cat\/ceipvistaalegre\/wp-content\/uploads\/usu1936\/2024\/01\/PICASSO-SORTIDA-950x1536.jpg 950w, https:\/\/agora.xtec.cat\/ceipvistaalegre\/wp-content\/uploads\/usu1936\/2024\/01\/PICASSO-SORTIDA.jpg 1125w\" sizes=\"auto, (max-width: 373px) 100vw, 373px\" \/><\/a><\/p>\n<p>&nbsp;<\/p>\n","protected":false},"excerpt":{"rendered":"<p>Gran dia avui!! Primer de concert a l&#8217;Auditori de Barcelona, on hem gaudit de l&#8217;espectacle PICA-SO. All\u00e0 quatre m\u00fasics i una ballarina han fet m\u00e0gia amb el seu so, la seva veu i el seu moviment, mentre molt\u00edssimes imatges projectades en un mural de l&#8217;escenari&hellip;  <a href=\"https:\/\/agora.xtec.cat\/ceipvistaalegre\/primaria\/2n\/sortida-picasso\/\" title=\"Read SORTIDA PICASSO\">Llegeix m\u00e9s\u00bb<\/a><\/p>\n","protected":false},"author":9,"featured_media":0,"comment_status":"open","ping_status":"closed","sticky":false,"template":"","format":"standard","meta":{"_bbp_topic_count":0,"_bbp_reply_count":0,"_bbp_total_topic_count":0,"_bbp_total_reply_count":0,"_bbp_voice_count":0,"_bbp_anonymous_reply_count":0,"_bbp_topic_count_hidden":0,"_bbp_reply_count_hidden":0,"_bbp_forum_subforum_count":0,"footnotes":""},"categories":[11],"tags":[],"class_list":["post-9494","post","type-post","status-publish","format-standard","hentry","category-2n"],"post_mailing_queue_ids":[],"_links":{"self":[{"href":"https:\/\/agora.xtec.cat\/ceipvistaalegre\/wp-json\/wp\/v2\/posts\/9494","targetHints":{"allow":["GET"]}}],"collection":[{"href":"https:\/\/agora.xtec.cat\/ceipvistaalegre\/wp-json\/wp\/v2\/posts"}],"about":[{"href":"https:\/\/agora.xtec.cat\/ceipvistaalegre\/wp-json\/wp\/v2\/types\/post"}],"author":[{"embeddable":true,"href":"https:\/\/agora.xtec.cat\/ceipvistaalegre\/wp-json\/wp\/v2\/users\/9"}],"replies":[{"embeddable":true,"href":"https:\/\/agora.xtec.cat\/ceipvistaalegre\/wp-json\/wp\/v2\/comments?post=9494"}],"version-history":[{"count":4,"href":"https:\/\/agora.xtec.cat\/ceipvistaalegre\/wp-json\/wp\/v2\/posts\/9494\/revisions"}],"predecessor-version":[{"id":9499,"href":"https:\/\/agora.xtec.cat\/ceipvistaalegre\/wp-json\/wp\/v2\/posts\/9494\/revisions\/9499"}],"wp:attachment":[{"href":"https:\/\/agora.xtec.cat\/ceipvistaalegre\/wp-json\/wp\/v2\/media?parent=9494"}],"wp:term":[{"taxonomy":"category","embeddable":true,"href":"https:\/\/agora.xtec.cat\/ceipvistaalegre\/wp-json\/wp\/v2\/categories?post=9494"},{"taxonomy":"post_tag","embeddable":true,"href":"https:\/\/agora.xtec.cat\/ceipvistaalegre\/wp-json\/wp\/v2\/tags?post=9494"}],"curies":[{"name":"wp","href":"https:\/\/api.w.org\/{rel}","templated":true}]}}