{"id":9480,"date":"2024-01-15T21:51:05","date_gmt":"2024-01-15T20:51:05","guid":{"rendered":"https:\/\/agora.xtec.cat\/ceipvistaalegre\/?p=9480"},"modified":"2024-01-15T21:53:08","modified_gmt":"2024-01-15T20:53:08","slug":"piet-mondrian-i","status":"publish","type":"post","link":"https:\/\/agora.xtec.cat\/ceipvistaalegre\/infantil\/infantil-3-anys\/piet-mondrian-i\/","title":{"rendered":"Piet Mondrian. I"},"content":{"rendered":"<p><a href=\"https:\/\/agora.xtec.cat\/ceipvistaalegre\/infantil\/infantil-3-anys\/piet-mondrian-i\/attachment\/photo-output-3-1-2\/\" rel=\"attachment wp-att-9483\"><img loading=\"lazy\" decoding=\"async\" class=\"aligncenter size-full wp-image-9483\" src=\"https:\/\/agora.xtec.cat\/ceipvistaalegre\/wp-content\/uploads\/usu1936\/2024\/01\/photo-output-3-1-scaled.jpg\" alt=\"\" width=\"2560\" height=\"2560\" srcset=\"https:\/\/agora.xtec.cat\/ceipvistaalegre\/wp-content\/uploads\/usu1936\/2024\/01\/photo-output-3-1-scaled.jpg 2560w, https:\/\/agora.xtec.cat\/ceipvistaalegre\/wp-content\/uploads\/usu1936\/2024\/01\/photo-output-3-1-300x300.jpg 300w, https:\/\/agora.xtec.cat\/ceipvistaalegre\/wp-content\/uploads\/usu1936\/2024\/01\/photo-output-3-1-1024x1024.jpg 1024w, https:\/\/agora.xtec.cat\/ceipvistaalegre\/wp-content\/uploads\/usu1936\/2024\/01\/photo-output-3-1-150x150.jpg 150w, https:\/\/agora.xtec.cat\/ceipvistaalegre\/wp-content\/uploads\/usu1936\/2024\/01\/photo-output-3-1-768x768.jpg 768w, https:\/\/agora.xtec.cat\/ceipvistaalegre\/wp-content\/uploads\/usu1936\/2024\/01\/photo-output-3-1-1536x1536.jpg 1536w, https:\/\/agora.xtec.cat\/ceipvistaalegre\/wp-content\/uploads\/usu1936\/2024\/01\/photo-output-3-1-2048x2048.jpg 2048w\" sizes=\"auto, (max-width: 2560px) 100vw, 2560px\" \/><\/a>Avui, a la classe dels Elefants, hem iniciat el projecte del pintor\u00a0 &#8220;<em>Piet Mondrian&#8221;, <\/em>pintor Holand\u00e8s que va viure a principis del segle passat. L&#8217;hem descobert a trav\u00e9s de les seves obres m\u00e9s significatives, dels colors i les formes que feia servir. Despr\u00e9s nosaltres tamb\u00e9 hem volgut fer com ell. Per parelles hem creat diferents composicions a l&#8217;estil Mondrian. Amb tires negres de cartolina per fer la quadr\u00edcula, peces de fusta dels colors b\u00e0sics i amb forma de quadrat i rectangle hem aconseguit aquestes creacions.<\/p>\n","protected":false},"excerpt":{"rendered":"<p><a href=\"https:\/\/agora.xtec.cat\/ceipvistaalegre\/infantil\/infantil-3-anys\/piet-mondrian-i\/attachment\/photo-output-3-1-2\/\" rel=\"attachment wp-att-9483\"><\/a>Avui, a la classe dels Elefants, hem iniciat el projecte del pintor\u00a0 &#8220;Piet Mondrian&#8221;, pintor Holand\u00e8s que va viure a principis del segle passat. L&#8217;hem descobert a trav\u00e9s de les seves obres m\u00e9s significatives, dels colors i les formes que feia servir.&hellip;  <a href=\"https:\/\/agora.xtec.cat\/ceipvistaalegre\/infantil\/infantil-3-anys\/piet-mondrian-i\/\" title=\"Read Piet Mondrian. I\">Llegeix m\u00e9s\u00bb<\/a><\/p>\n","protected":false},"author":4,"featured_media":0,"comment_status":"open","ping_status":"closed","sticky":false,"template":"","format":"standard","meta":{"_bbp_topic_count":0,"_bbp_reply_count":0,"_bbp_total_topic_count":0,"_bbp_total_reply_count":0,"_bbp_voice_count":0,"_bbp_anonymous_reply_count":0,"_bbp_topic_count_hidden":0,"_bbp_reply_count_hidden":0,"_bbp_forum_subforum_count":0,"footnotes":""},"categories":[3],"tags":[299,125,298,297],"class_list":["post-9480","post","type-post","status-publish","format-standard","hentry","category-infantil-3-anys","tag-colors-basics","tag-expressio-artistica","tag-geometria","tag-mondrian"],"post_mailing_queue_ids":[],"_links":{"self":[{"href":"https:\/\/agora.xtec.cat\/ceipvistaalegre\/wp-json\/wp\/v2\/posts\/9480","targetHints":{"allow":["GET"]}}],"collection":[{"href":"https:\/\/agora.xtec.cat\/ceipvistaalegre\/wp-json\/wp\/v2\/posts"}],"about":[{"href":"https:\/\/agora.xtec.cat\/ceipvistaalegre\/wp-json\/wp\/v2\/types\/post"}],"author":[{"embeddable":true,"href":"https:\/\/agora.xtec.cat\/ceipvistaalegre\/wp-json\/wp\/v2\/users\/4"}],"replies":[{"embeddable":true,"href":"https:\/\/agora.xtec.cat\/ceipvistaalegre\/wp-json\/wp\/v2\/comments?post=9480"}],"version-history":[{"count":7,"href":"https:\/\/agora.xtec.cat\/ceipvistaalegre\/wp-json\/wp\/v2\/posts\/9480\/revisions"}],"predecessor-version":[{"id":9489,"href":"https:\/\/agora.xtec.cat\/ceipvistaalegre\/wp-json\/wp\/v2\/posts\/9480\/revisions\/9489"}],"wp:attachment":[{"href":"https:\/\/agora.xtec.cat\/ceipvistaalegre\/wp-json\/wp\/v2\/media?parent=9480"}],"wp:term":[{"taxonomy":"category","embeddable":true,"href":"https:\/\/agora.xtec.cat\/ceipvistaalegre\/wp-json\/wp\/v2\/categories?post=9480"},{"taxonomy":"post_tag","embeddable":true,"href":"https:\/\/agora.xtec.cat\/ceipvistaalegre\/wp-json\/wp\/v2\/tags?post=9480"}],"curies":[{"name":"wp","href":"https:\/\/api.w.org\/{rel}","templated":true}]}}