{"id":9469,"date":"2024-01-15T09:30:41","date_gmt":"2024-01-15T08:30:41","guid":{"rendered":"https:\/\/agora.xtec.cat\/ceipvistaalegre\/?p=9469"},"modified":"2024-01-15T15:30:02","modified_gmt":"2024-01-15T14:30:02","slug":"lhort-del-vista-alegre-a-tvmataro","status":"publish","type":"post","link":"https:\/\/agora.xtec.cat\/ceipvistaalegre\/portada\/lhort-del-vista-alegre-a-tvmataro\/","title":{"rendered":"L&#8217;hort del Vista Alegre a TvMatar\u00f3"},"content":{"rendered":"<p>El passat divendres va venir TvMatar\u00f3 a fer un petit reportatge sobre l&#8217;hort de l&#8217;escola per tal que la nostra ciutat, conegui com ens organitzem i en qu\u00e8 consisteix aquest projecte transversal. Els nens i nenes de 4t i 6\u00e8 van ser els protagonistes mentre feien la collita dels naps i els raves.<\/p>\n<p>Aqu\u00ed teniu l&#8217;enlla\u00e7 a la not\u00edcia: <a href=\"https:\/\/mataroaudiovisual.cat\/noticia\/educaci\/l-hort-de-l-escola-vista-alegre-una-finestra-cap-al-m-n-natural-pels-alumnes\">Matar\u00f3Audiovisual<\/a><\/p>\n<p>I en aquest v\u00eddeo, teniu el reportatge!<\/p>\n<p><iframe loading=\"lazy\" title=\"L\u2019hort de l\u2019Escola Vista Alegre, una finestra cap al m\u00f3n natural pels alumnes\" width=\"500\" height=\"281\" src=\"https:\/\/www.youtube.com\/embed\/cQfcoB-d3Ak?feature=oembed\" frameborder=\"0\" allow=\"accelerometer; autoplay; clipboard-write; encrypted-media; gyroscope; picture-in-picture; web-share\" referrerpolicy=\"strict-origin-when-cross-origin\" allowfullscreen><\/iframe><\/p>\n","protected":false},"excerpt":{"rendered":"<p>El passat divendres va venir TvMatar\u00f3 a fer un petit reportatge sobre l&#8217;hort de l&#8217;escola per tal que la nostra ciutat, conegui com ens organitzem i en qu\u00e8 consisteix aquest projecte transversal. Els nens i nenes de 4t i 6\u00e8 van ser els protagonistes mentre&hellip;  <a href=\"https:\/\/agora.xtec.cat\/ceipvistaalegre\/portada\/lhort-del-vista-alegre-a-tvmataro\/\" title=\"Read L&#8217;hort del Vista Alegre a TvMatar\u00f3\">Llegeix m\u00e9s\u00bb<\/a><\/p>\n","protected":false},"author":3,"featured_media":0,"comment_status":"open","ping_status":"closed","sticky":false,"template":"","format":"standard","meta":{"_bbp_topic_count":0,"_bbp_reply_count":0,"_bbp_total_topic_count":0,"_bbp_total_reply_count":0,"_bbp_voice_count":0,"_bbp_anonymous_reply_count":0,"_bbp_topic_count_hidden":0,"_bbp_reply_count_hidden":0,"_bbp_forum_subforum_count":0,"footnotes":""},"categories":[4],"tags":[],"class_list":["post-9469","post","type-post","status-publish","format-standard","hentry","category-portada"],"post_mailing_queue_ids":[],"_links":{"self":[{"href":"https:\/\/agora.xtec.cat\/ceipvistaalegre\/wp-json\/wp\/v2\/posts\/9469","targetHints":{"allow":["GET"]}}],"collection":[{"href":"https:\/\/agora.xtec.cat\/ceipvistaalegre\/wp-json\/wp\/v2\/posts"}],"about":[{"href":"https:\/\/agora.xtec.cat\/ceipvistaalegre\/wp-json\/wp\/v2\/types\/post"}],"author":[{"embeddable":true,"href":"https:\/\/agora.xtec.cat\/ceipvistaalegre\/wp-json\/wp\/v2\/users\/3"}],"replies":[{"embeddable":true,"href":"https:\/\/agora.xtec.cat\/ceipvistaalegre\/wp-json\/wp\/v2\/comments?post=9469"}],"version-history":[{"count":4,"href":"https:\/\/agora.xtec.cat\/ceipvistaalegre\/wp-json\/wp\/v2\/posts\/9469\/revisions"}],"predecessor-version":[{"id":9476,"href":"https:\/\/agora.xtec.cat\/ceipvistaalegre\/wp-json\/wp\/v2\/posts\/9469\/revisions\/9476"}],"wp:attachment":[{"href":"https:\/\/agora.xtec.cat\/ceipvistaalegre\/wp-json\/wp\/v2\/media?parent=9469"}],"wp:term":[{"taxonomy":"category","embeddable":true,"href":"https:\/\/agora.xtec.cat\/ceipvistaalegre\/wp-json\/wp\/v2\/categories?post=9469"},{"taxonomy":"post_tag","embeddable":true,"href":"https:\/\/agora.xtec.cat\/ceipvistaalegre\/wp-json\/wp\/v2\/tags?post=9469"}],"curies":[{"name":"wp","href":"https:\/\/api.w.org\/{rel}","templated":true}]}}