{"id":9465,"date":"2024-01-12T22:48:55","date_gmt":"2024-01-12T21:48:55","guid":{"rendered":"https:\/\/agora.xtec.cat\/ceipvistaalegre\/?p=9465"},"modified":"2024-01-12T22:48:55","modified_gmt":"2024-01-12T21:48:55","slug":"collita-dhortalisses-naps","status":"publish","type":"post","link":"https:\/\/agora.xtec.cat\/ceipvistaalegre\/primaria\/6e\/collita-dhortalisses-naps\/","title":{"rendered":"Collita d&#8217;hortalisses: naps"},"content":{"rendered":"<p>Avui els alumnes de sis\u00e8 de prim\u00e0ria, han anat a l&#8217;hort de l&#8217;escola a recollir les hortalisses que es van plantar al mes d&#8217;octubre.<\/p>\n<p>Han recollit naps, una hortalissa que en general desconeixien. El fet de que els alumnes gaudeixin de l&#8217;hort escolar els fa tenir un contacte directe amb la terra i amb els aliments quotidians. A m\u00e9s, ajuda a con\u00e8ixer hortalisses i verdures, veure d&#8217;on venen i recon\u00e8ixer quins s\u00f3n propis de cada \u00e8poca de l&#8217;any.<\/p>\n<p>Els ajuda a estimular els sentits, a m\u00e9s de la seva creativitat i imaginaci\u00f3.<\/p>\n<p><img loading=\"lazy\" decoding=\"async\" class=\"alignnone  wp-image-9466\" src=\"https:\/\/agora.xtec.cat\/ceipvistaalegre\/wp-content\/uploads\/usu1936\/2024\/01\/WhatsApp-Image-2024-01-12-at-22.45.00-1024x768.jpeg\" alt=\"\" width=\"320\" height=\"240\" srcset=\"https:\/\/agora.xtec.cat\/ceipvistaalegre\/wp-content\/uploads\/usu1936\/2024\/01\/WhatsApp-Image-2024-01-12-at-22.45.00-1024x768.jpeg 1024w, https:\/\/agora.xtec.cat\/ceipvistaalegre\/wp-content\/uploads\/usu1936\/2024\/01\/WhatsApp-Image-2024-01-12-at-22.45.00-300x225.jpeg 300w, https:\/\/agora.xtec.cat\/ceipvistaalegre\/wp-content\/uploads\/usu1936\/2024\/01\/WhatsApp-Image-2024-01-12-at-22.45.00-768x576.jpeg 768w, https:\/\/agora.xtec.cat\/ceipvistaalegre\/wp-content\/uploads\/usu1936\/2024\/01\/WhatsApp-Image-2024-01-12-at-22.45.00-1536x1152.jpeg 1536w, https:\/\/agora.xtec.cat\/ceipvistaalegre\/wp-content\/uploads\/usu1936\/2024\/01\/WhatsApp-Image-2024-01-12-at-22.45.00-200x150.jpeg 200w, https:\/\/agora.xtec.cat\/ceipvistaalegre\/wp-content\/uploads\/usu1936\/2024\/01\/WhatsApp-Image-2024-01-12-at-22.45.00.jpeg 2048w\" sizes=\"auto, (max-width: 320px) 100vw, 320px\" \/><\/p>\n<p><img loading=\"lazy\" decoding=\"async\" class=\"alignnone  wp-image-9467\" src=\"https:\/\/agora.xtec.cat\/ceipvistaalegre\/wp-content\/uploads\/usu1936\/2024\/01\/WhatsApp-Image-2024-01-12-at-21.29.27-1024x768.jpeg\" alt=\"\" width=\"319\" height=\"240\" srcset=\"https:\/\/agora.xtec.cat\/ceipvistaalegre\/wp-content\/uploads\/usu1936\/2024\/01\/WhatsApp-Image-2024-01-12-at-21.29.27-1024x768.jpeg 1024w, https:\/\/agora.xtec.cat\/ceipvistaalegre\/wp-content\/uploads\/usu1936\/2024\/01\/WhatsApp-Image-2024-01-12-at-21.29.27-300x225.jpeg 300w, https:\/\/agora.xtec.cat\/ceipvistaalegre\/wp-content\/uploads\/usu1936\/2024\/01\/WhatsApp-Image-2024-01-12-at-21.29.27-768x576.jpeg 768w, https:\/\/agora.xtec.cat\/ceipvistaalegre\/wp-content\/uploads\/usu1936\/2024\/01\/WhatsApp-Image-2024-01-12-at-21.29.27-1536x1152.jpeg 1536w, https:\/\/agora.xtec.cat\/ceipvistaalegre\/wp-content\/uploads\/usu1936\/2024\/01\/WhatsApp-Image-2024-01-12-at-21.29.27-200x150.jpeg 200w, https:\/\/agora.xtec.cat\/ceipvistaalegre\/wp-content\/uploads\/usu1936\/2024\/01\/WhatsApp-Image-2024-01-12-at-21.29.27.jpeg 2048w\" sizes=\"auto, (max-width: 319px) 100vw, 319px\" \/><\/p>\n","protected":false},"excerpt":{"rendered":"<p>Avui els alumnes de sis\u00e8 de prim\u00e0ria, han anat a l&#8217;hort de l&#8217;escola a recollir les hortalisses que es van plantar al mes d&#8217;octubre.<br \/>\nHan recollit naps, una hortalissa que en general desconeixien. El fet de que els alumnes gaudeixin de l&#8217;hort escolar els fa tenir&hellip;  <a href=\"https:\/\/agora.xtec.cat\/ceipvistaalegre\/primaria\/6e\/collita-dhortalisses-naps\/\" title=\"Read Collita d&#8217;hortalisses: naps\">Llegeix m\u00e9s\u00bb<\/a><\/p>\n","protected":false},"author":18,"featured_media":0,"comment_status":"open","ping_status":"closed","sticky":false,"template":"","format":"standard","meta":{"_bbp_topic_count":0,"_bbp_reply_count":0,"_bbp_total_topic_count":0,"_bbp_total_reply_count":0,"_bbp_voice_count":0,"_bbp_anonymous_reply_count":0,"_bbp_topic_count_hidden":0,"_bbp_reply_count_hidden":0,"_bbp_forum_subforum_count":0,"footnotes":""},"categories":[15],"tags":[],"class_list":["post-9465","post","type-post","status-publish","format-standard","hentry","category-6e"],"post_mailing_queue_ids":[],"_links":{"self":[{"href":"https:\/\/agora.xtec.cat\/ceipvistaalegre\/wp-json\/wp\/v2\/posts\/9465","targetHints":{"allow":["GET"]}}],"collection":[{"href":"https:\/\/agora.xtec.cat\/ceipvistaalegre\/wp-json\/wp\/v2\/posts"}],"about":[{"href":"https:\/\/agora.xtec.cat\/ceipvistaalegre\/wp-json\/wp\/v2\/types\/post"}],"author":[{"embeddable":true,"href":"https:\/\/agora.xtec.cat\/ceipvistaalegre\/wp-json\/wp\/v2\/users\/18"}],"replies":[{"embeddable":true,"href":"https:\/\/agora.xtec.cat\/ceipvistaalegre\/wp-json\/wp\/v2\/comments?post=9465"}],"version-history":[{"count":1,"href":"https:\/\/agora.xtec.cat\/ceipvistaalegre\/wp-json\/wp\/v2\/posts\/9465\/revisions"}],"predecessor-version":[{"id":9468,"href":"https:\/\/agora.xtec.cat\/ceipvistaalegre\/wp-json\/wp\/v2\/posts\/9465\/revisions\/9468"}],"wp:attachment":[{"href":"https:\/\/agora.xtec.cat\/ceipvistaalegre\/wp-json\/wp\/v2\/media?parent=9465"}],"wp:term":[{"taxonomy":"category","embeddable":true,"href":"https:\/\/agora.xtec.cat\/ceipvistaalegre\/wp-json\/wp\/v2\/categories?post=9465"},{"taxonomy":"post_tag","embeddable":true,"href":"https:\/\/agora.xtec.cat\/ceipvistaalegre\/wp-json\/wp\/v2\/tags?post=9465"}],"curies":[{"name":"wp","href":"https:\/\/api.w.org\/{rel}","templated":true}]}}