{"id":9443,"date":"2023-12-20T16:44:49","date_gmt":"2023-12-20T15:44:49","guid":{"rendered":"https:\/\/agora.xtec.cat\/ceipvistaalegre\/?p=9443"},"modified":"2023-12-20T16:44:49","modified_gmt":"2023-12-20T15:44:49","slug":"darrer-dia-de-trimestre","status":"publish","type":"post","link":"https:\/\/agora.xtec.cat\/ceipvistaalegre\/primaria\/6e\/darrer-dia-de-trimestre\/","title":{"rendered":"Darrer dia de trimestre"},"content":{"rendered":"<p>Avui tots els nens i nenes de l&#8217;escola hem fet el Concert de Nadal. Despr\u00e9s a les classes s&#8217;ha fet el tastet de neules i torrons.<\/p>\n<p>Ha estat un dia molt emotiu, i a m\u00e9s a m\u00e9s hem vist un v\u00eddeo de Nadal que ha estat una sorpresa fet per tots els mestres de l&#8217;escola<\/p>\n<p>Amb aquesta foto diem ad\u00e9u a aquest trimestre i ens veiem el 2024!!<\/p>\n<p><img loading=\"lazy\" decoding=\"async\" class=\"alignnone  wp-image-9444\" src=\"https:\/\/agora.xtec.cat\/ceipvistaalegre\/wp-content\/uploads\/usu1936\/2023\/12\/WhatsApp-Image-2023-12-20-at-16.37.12-1024x768.jpeg\" alt=\"\" width=\"440\" height=\"330\" srcset=\"https:\/\/agora.xtec.cat\/ceipvistaalegre\/wp-content\/uploads\/usu1936\/2023\/12\/WhatsApp-Image-2023-12-20-at-16.37.12-1024x768.jpeg 1024w, https:\/\/agora.xtec.cat\/ceipvistaalegre\/wp-content\/uploads\/usu1936\/2023\/12\/WhatsApp-Image-2023-12-20-at-16.37.12-300x225.jpeg 300w, https:\/\/agora.xtec.cat\/ceipvistaalegre\/wp-content\/uploads\/usu1936\/2023\/12\/WhatsApp-Image-2023-12-20-at-16.37.12-768x576.jpeg 768w, https:\/\/agora.xtec.cat\/ceipvistaalegre\/wp-content\/uploads\/usu1936\/2023\/12\/WhatsApp-Image-2023-12-20-at-16.37.12-1536x1152.jpeg 1536w, https:\/\/agora.xtec.cat\/ceipvistaalegre\/wp-content\/uploads\/usu1936\/2023\/12\/WhatsApp-Image-2023-12-20-at-16.37.12-200x150.jpeg 200w, https:\/\/agora.xtec.cat\/ceipvistaalegre\/wp-content\/uploads\/usu1936\/2023\/12\/WhatsApp-Image-2023-12-20-at-16.37.12.jpeg 2048w\" sizes=\"auto, (max-width: 440px) 100vw, 440px\" \/><\/p>\n","protected":false},"excerpt":{"rendered":"<p>Avui tots els nens i nenes de l&#8217;escola hem fet el Concert de Nadal. Despr\u00e9s a les classes s&#8217;ha fet el tastet de neules i torrons.<br \/>\nHa estat un dia molt emotiu, i a m\u00e9s a m\u00e9s hem vist un v\u00eddeo de Nadal que ha estat&hellip;  <a href=\"https:\/\/agora.xtec.cat\/ceipvistaalegre\/primaria\/6e\/darrer-dia-de-trimestre\/\" title=\"Read Darrer dia de trimestre\">Llegeix m\u00e9s\u00bb<\/a><\/p>\n","protected":false},"author":18,"featured_media":0,"comment_status":"open","ping_status":"closed","sticky":false,"template":"","format":"standard","meta":{"_bbp_topic_count":0,"_bbp_reply_count":0,"_bbp_total_topic_count":0,"_bbp_total_reply_count":0,"_bbp_voice_count":0,"_bbp_anonymous_reply_count":0,"_bbp_topic_count_hidden":0,"_bbp_reply_count_hidden":0,"_bbp_forum_subforum_count":0,"footnotes":""},"categories":[15],"tags":[],"class_list":["post-9443","post","type-post","status-publish","format-standard","hentry","category-6e"],"post_mailing_queue_ids":[],"_links":{"self":[{"href":"https:\/\/agora.xtec.cat\/ceipvistaalegre\/wp-json\/wp\/v2\/posts\/9443","targetHints":{"allow":["GET"]}}],"collection":[{"href":"https:\/\/agora.xtec.cat\/ceipvistaalegre\/wp-json\/wp\/v2\/posts"}],"about":[{"href":"https:\/\/agora.xtec.cat\/ceipvistaalegre\/wp-json\/wp\/v2\/types\/post"}],"author":[{"embeddable":true,"href":"https:\/\/agora.xtec.cat\/ceipvistaalegre\/wp-json\/wp\/v2\/users\/18"}],"replies":[{"embeddable":true,"href":"https:\/\/agora.xtec.cat\/ceipvistaalegre\/wp-json\/wp\/v2\/comments?post=9443"}],"version-history":[{"count":1,"href":"https:\/\/agora.xtec.cat\/ceipvistaalegre\/wp-json\/wp\/v2\/posts\/9443\/revisions"}],"predecessor-version":[{"id":9445,"href":"https:\/\/agora.xtec.cat\/ceipvistaalegre\/wp-json\/wp\/v2\/posts\/9443\/revisions\/9445"}],"wp:attachment":[{"href":"https:\/\/agora.xtec.cat\/ceipvistaalegre\/wp-json\/wp\/v2\/media?parent=9443"}],"wp:term":[{"taxonomy":"category","embeddable":true,"href":"https:\/\/agora.xtec.cat\/ceipvistaalegre\/wp-json\/wp\/v2\/categories?post=9443"},{"taxonomy":"post_tag","embeddable":true,"href":"https:\/\/agora.xtec.cat\/ceipvistaalegre\/wp-json\/wp\/v2\/tags?post=9443"}],"curies":[{"name":"wp","href":"https:\/\/api.w.org\/{rel}","templated":true}]}}