{"id":9439,"date":"2023-12-20T07:28:31","date_gmt":"2023-12-20T06:28:31","guid":{"rendered":"https:\/\/agora.xtec.cat\/ceipvistaalegre\/?p=9439"},"modified":"2023-12-20T07:28:31","modified_gmt":"2023-12-20T06:28:31","slug":"conte-contes","status":"publish","type":"post","link":"https:\/\/agora.xtec.cat\/ceipvistaalegre\/primaria\/6e\/conte-contes\/","title":{"rendered":"Conte-contes"},"content":{"rendered":"<p>Aquests \u00faltims dies de trimestre, una de les activitats que s&#8217;han fet a l&#8217;escola \u00e9s que ha\u00a0 vingut una noia a explicar contes, uns m\u00e9s coneguts i altres de diferents.<\/p>\n<p>Un dels contes que ha explicat \u00e9s &#8220;El ninot de neu&#8221;, una nova visi\u00f3 del conte cl\u00e0ssic que li ha fet una adaptaci\u00f3 moderna.<\/p>\n<p>Amb molta imaginaci\u00f3, fantasia i creativitat, han estat contes molt divertits!!<\/p>\n<p><img loading=\"lazy\" decoding=\"async\" class=\"alignnone  wp-image-9440\" src=\"https:\/\/agora.xtec.cat\/ceipvistaalegre\/wp-content\/uploads\/usu1936\/2023\/12\/WhatsApp-Image-2023-12-20-at-06.59.59-1024x768.jpeg\" alt=\"\" width=\"271\" height=\"203\" srcset=\"https:\/\/agora.xtec.cat\/ceipvistaalegre\/wp-content\/uploads\/usu1936\/2023\/12\/WhatsApp-Image-2023-12-20-at-06.59.59-1024x768.jpeg 1024w, https:\/\/agora.xtec.cat\/ceipvistaalegre\/wp-content\/uploads\/usu1936\/2023\/12\/WhatsApp-Image-2023-12-20-at-06.59.59-300x225.jpeg 300w, https:\/\/agora.xtec.cat\/ceipvistaalegre\/wp-content\/uploads\/usu1936\/2023\/12\/WhatsApp-Image-2023-12-20-at-06.59.59-768x576.jpeg 768w, https:\/\/agora.xtec.cat\/ceipvistaalegre\/wp-content\/uploads\/usu1936\/2023\/12\/WhatsApp-Image-2023-12-20-at-06.59.59-1536x1152.jpeg 1536w, https:\/\/agora.xtec.cat\/ceipvistaalegre\/wp-content\/uploads\/usu1936\/2023\/12\/WhatsApp-Image-2023-12-20-at-06.59.59-200x150.jpeg 200w, https:\/\/agora.xtec.cat\/ceipvistaalegre\/wp-content\/uploads\/usu1936\/2023\/12\/WhatsApp-Image-2023-12-20-at-06.59.59.jpeg 1600w\" sizes=\"auto, (max-width: 271px) 100vw, 271px\" \/>\u00a0 <img loading=\"lazy\" decoding=\"async\" class=\"alignnone  wp-image-9441\" src=\"https:\/\/agora.xtec.cat\/ceipvistaalegre\/wp-content\/uploads\/usu1936\/2023\/12\/WhatsApp-Image-2023-12-20-at-07.00.27-1024x768.jpeg\" alt=\"\" width=\"276\" height=\"207\" srcset=\"https:\/\/agora.xtec.cat\/ceipvistaalegre\/wp-content\/uploads\/usu1936\/2023\/12\/WhatsApp-Image-2023-12-20-at-07.00.27-1024x768.jpeg 1024w, https:\/\/agora.xtec.cat\/ceipvistaalegre\/wp-content\/uploads\/usu1936\/2023\/12\/WhatsApp-Image-2023-12-20-at-07.00.27-300x225.jpeg 300w, https:\/\/agora.xtec.cat\/ceipvistaalegre\/wp-content\/uploads\/usu1936\/2023\/12\/WhatsApp-Image-2023-12-20-at-07.00.27-768x576.jpeg 768w, https:\/\/agora.xtec.cat\/ceipvistaalegre\/wp-content\/uploads\/usu1936\/2023\/12\/WhatsApp-Image-2023-12-20-at-07.00.27-1536x1152.jpeg 1536w, https:\/\/agora.xtec.cat\/ceipvistaalegre\/wp-content\/uploads\/usu1936\/2023\/12\/WhatsApp-Image-2023-12-20-at-07.00.27-200x150.jpeg 200w, https:\/\/agora.xtec.cat\/ceipvistaalegre\/wp-content\/uploads\/usu1936\/2023\/12\/WhatsApp-Image-2023-12-20-at-07.00.27.jpeg 1600w\" sizes=\"auto, (max-width: 276px) 100vw, 276px\" \/><\/p>\n","protected":false},"excerpt":{"rendered":"<p>Aquests \u00faltims dies de trimestre, una de les activitats que s&#8217;han fet a l&#8217;escola \u00e9s que ha\u00a0 vingut una noia a explicar contes, uns m\u00e9s coneguts i altres de diferents.<br \/>\nUn dels contes que ha explicat \u00e9s &#8220;El ninot de neu&#8221;, una nova visi\u00f3 del conte&hellip;  <a href=\"https:\/\/agora.xtec.cat\/ceipvistaalegre\/primaria\/6e\/conte-contes\/\" title=\"Read Conte-contes\">Llegeix m\u00e9s\u00bb<\/a><\/p>\n","protected":false},"author":18,"featured_media":0,"comment_status":"open","ping_status":"closed","sticky":false,"template":"","format":"standard","meta":{"_bbp_topic_count":0,"_bbp_reply_count":0,"_bbp_total_topic_count":0,"_bbp_total_reply_count":0,"_bbp_voice_count":0,"_bbp_anonymous_reply_count":0,"_bbp_topic_count_hidden":0,"_bbp_reply_count_hidden":0,"_bbp_forum_subforum_count":0,"footnotes":""},"categories":[15],"tags":[],"class_list":["post-9439","post","type-post","status-publish","format-standard","hentry","category-6e"],"post_mailing_queue_ids":[],"_links":{"self":[{"href":"https:\/\/agora.xtec.cat\/ceipvistaalegre\/wp-json\/wp\/v2\/posts\/9439","targetHints":{"allow":["GET"]}}],"collection":[{"href":"https:\/\/agora.xtec.cat\/ceipvistaalegre\/wp-json\/wp\/v2\/posts"}],"about":[{"href":"https:\/\/agora.xtec.cat\/ceipvistaalegre\/wp-json\/wp\/v2\/types\/post"}],"author":[{"embeddable":true,"href":"https:\/\/agora.xtec.cat\/ceipvistaalegre\/wp-json\/wp\/v2\/users\/18"}],"replies":[{"embeddable":true,"href":"https:\/\/agora.xtec.cat\/ceipvistaalegre\/wp-json\/wp\/v2\/comments?post=9439"}],"version-history":[{"count":1,"href":"https:\/\/agora.xtec.cat\/ceipvistaalegre\/wp-json\/wp\/v2\/posts\/9439\/revisions"}],"predecessor-version":[{"id":9442,"href":"https:\/\/agora.xtec.cat\/ceipvistaalegre\/wp-json\/wp\/v2\/posts\/9439\/revisions\/9442"}],"wp:attachment":[{"href":"https:\/\/agora.xtec.cat\/ceipvistaalegre\/wp-json\/wp\/v2\/media?parent=9439"}],"wp:term":[{"taxonomy":"category","embeddable":true,"href":"https:\/\/agora.xtec.cat\/ceipvistaalegre\/wp-json\/wp\/v2\/categories?post=9439"},{"taxonomy":"post_tag","embeddable":true,"href":"https:\/\/agora.xtec.cat\/ceipvistaalegre\/wp-json\/wp\/v2\/tags?post=9439"}],"curies":[{"name":"wp","href":"https:\/\/api.w.org\/{rel}","templated":true}]}}